{"id":10762,"date":"2018-09-12T20:07:06","date_gmt":"2018-09-12T23:07:06","guid":{"rendered":"http:\/\/www.ifbaiano.edu.br\/unidades\/santaines\/?p=10762"},"modified":"2018-10-22T17:26:26","modified_gmt":"2018-10-22T20:26:26","slug":"5a-semana-nacional-de-ciencia-e-tecnologia-e-i-mostra-de-ensino-pesquisa-e-extensao","status":"publish","type":"post","link":"https:\/\/www.ifbaiano.edu.br\/unidades\/santaines\/5a-semana-nacional-de-ciencia-e-tecnologia-e-i-mostra-de-ensino-pesquisa-e-extensao\/","title":{"rendered":"5\u00aa Semana Nacional de Ci\u00eancia e Tecnologia e I Mostra de Ensino, Pesquisa e Extens\u00e3o"},"content":{"rendered":"<hr \/>\n<p style=\"text-align: justify\"><a href=\"http:\/\/www.ifbaiano.edu.br\/unidades\/santaines\/files\/2018\/09\/lOGO.png\"><img decoding=\"async\" loading=\"lazy\" class=\"alignnone wp-image-10772\" src=\"http:\/\/www.ifbaiano.edu.br\/unidades\/santaines\/files\/2018\/09\/lOGO.png\" alt=\"lOGO\" width=\"652\" height=\"201\" \/><\/a><\/p>\n<p style=\"text-align: justify\"><span style=\"font-weight: 400\">Neste ano de 2018, em parceria com a Semana Nacional de Ci\u00eancia e Tecnologia (SNCT), que caminha para a sua 5\u00aa edi\u00e7\u00e3o no <em>Campus<\/em> Santa In\u00eas, ocorrer\u00e1 a I Mostra de Ensino, Pesquisa e Extens\u00e3o (MEPEX), visando a divulga\u00e7\u00e3o dos trabalhos desenvolvidos por docentes<\/span><span style=\"font-weight: 400\">, t\u00e9cnico-administrativos e estudantes, na perspectiva desses tr\u00eas eixos. <\/span><\/p>\n<p style=\"text-align: justify\"><span style=\"font-weight: 400\">Os eventos ser\u00e3o realizados nos dias 17 e 18 de outubro de 2018, nas depend\u00eancias do <em>Campus<\/em>.<\/span><\/p>\n<p style=\"text-align: justify\">Assim, \u00e9 com grande satisfa\u00e7\u00e3o que a Comiss\u00e3o Organizadora da 5\u00aa SNCT e da 1\u00aa MEPEX, convida-lhes a fazer parte destes importantes eventos, na condi\u00e7\u00e3o, neste momento, de proponentes de minicursos, estandes, comunica\u00e7\u00f5es orais ou p\u00f4steres.<\/p>\n<p style=\"text-align: justify\">Os trabalhos que n\u00e3o forem relacionados \u00e0 tem\u00e1tica da SNCT, &#8220;Ci\u00eancia para a redu\u00e7\u00e3o das desigualdades&#8221;, ser\u00e3o direcionados para apresenta\u00e7\u00e3o na 1\u00aa MEPEX. Os minicursos e estandes devem necessariamente apresentar rela\u00e7\u00e3o com o tema da SNCT.<\/p>\n<p>As inscri\u00e7\u00f5es para MINICURSOS, ESTANDES e APRESENTA\u00c7\u00d5ES DE TRABALHO devem ser feitas em formul\u00e1rio pr\u00f3prio (abaixo), atrav\u00e9s do e-mail:snctsi2018@si.ifbaiano.edu.br.<\/p>\n<p><a href=\"http:\/\/www.ifbaiano.edu.br\/unidades\/santaines\/files\/2018\/09\/Inscri\u00e7\u00e3o-de-Propostas-de-Estandes_SNCT.pdf\">Formul\u00e1rio para Inscri\u00e7\u00e3o de Propostas de Estandes<\/a><\/p>\n<p><a href=\"http:\/\/www.ifbaiano.edu.br\/unidades\/santaines\/files\/2018\/09\/Inscri\u00e7\u00e3o-de-Propostas-de-Minicursos_SNCT.pdf\">Formul\u00e1rio para Inscri\u00e7\u00e3o de Propostas de Minicursos<\/a><\/p>\n<p><a href=\"http:\/\/www.ifbaiano.edu.br\/unidades\/santaines\/files\/2018\/09\/Inscri\u00e7\u00e3o-de-Propostas-de-P\u00f4steres-e-Comunica\u00e7\u00e3o-Oral_SNCT.pdf\">Formul\u00e1rio para Inscri\u00e7\u00e3o de Propostas de P\u00f4steres e Comunica\u00e7\u00e3o Oral<\/a><\/p>\n<hr \/>\n<p>Veja o cronograma do Evento:<\/p>\n<p><a href=\"http:\/\/www.ifbaiano.edu.br\/unidades\/santaines\/files\/2018\/09\/Cronograma.png\"><img decoding=\"async\" loading=\"lazy\" class=\"alignnone wp-image-10771\" src=\"http:\/\/www.ifbaiano.edu.br\/unidades\/santaines\/files\/2018\/09\/Cronograma.png\" alt=\"Cronograma\" width=\"988\" height=\"488\" \/><\/a><\/p>\n<hr \/>\n<div><span style=\"color: #ff0000\"><strong>ATEN\u00c7\u00c3O!<\/strong> <\/span>O PRAZO PARA SUBMISS\u00c3O DE PROPOSTAS DE ESTANDES, MINICURSOS, COMUNICA\u00c7\u00d5ES ORAIS E P\u00d4STERES FOI PRORROGADO!<\/div>\n<div><\/div>\n<div><strong>CONFIRA O NOVO CRONOGRAMA ABAIXO:<\/strong><\/div>\n<p><a href=\"http:\/\/www.ifbaiano.edu.br\/unidades\/santaines\/files\/2018\/09\/NOVO-CRONOGRAMA.jpg\"><img decoding=\"async\" loading=\"lazy\" class=\"alignnone wp-image-10785\" src=\"http:\/\/www.ifbaiano.edu.br\/unidades\/santaines\/files\/2018\/09\/NOVO-CRONOGRAMA.jpg\" alt=\"NOVO CRONOGRAMA\" width=\"956\" height=\"344\" \/><\/a><\/p>\n<hr \/>\n<p><strong>Divulga\u00e7\u00e3o do resultado das propostas selecionadas para o evento:<\/strong><\/p>\n<ul>\n<li><a href=\"http:\/\/www.ifbaiano.edu.br\/unidades\/santaines\/files\/2018\/09\/RELA\u00c7\u00c3O-DE-RESUMOS-SELECIONADOS.pdf\">Rela\u00e7\u00e3o de Resumos Selecionados<\/a><\/li>\n<li><a href=\"http:\/\/www.ifbaiano.edu.br\/unidades\/santaines\/files\/2018\/09\/RELA\u00c7\u00c3O-DE-PROPOSTAS-DE-MINICURSOS-APROVADAS.pdf\">Rela\u00e7\u00e3o de Propostas de Minicursos Aprovadas<\/a><\/li>\n<li><a href=\"http:\/\/www.ifbaiano.edu.br\/unidades\/santaines\/files\/2018\/09\/RELA\u00c7\u00c3O-DE-PROPOSTAS-DE-ESTANDES-APROVADAS.pdf\">Rela\u00e7\u00e3o de Propostas de Estandes Aprovadas<\/a><\/li>\n<\/ul>\n<hr \/>\n<p><a href=\"http:\/\/www.ifbaiano.edu.br\/unidades\/santaines\/files\/2018\/10\/ERRATA-DE-PUBLICA\u00c7\u00c3O_Minicursos.pdf\">Errata de publica\u00e7\u00e3o retificando rela\u00e7\u00e3o de minicursos aprovados<\/a><\/p>\n<p><a href=\"http:\/\/www.ifbaiano.edu.br\/unidades\/santaines\/files\/2018\/10\/ERRATA-DE-PUBLICA\u00c7\u00c3O_Estandes.pdf\">Errata de publica\u00e7\u00e3o alterando organizadores de estande<\/a><\/p>\n<p><a href=\"http:\/\/www.ifbaiano.edu.br\/unidades\/santaines\/files\/2018\/10\/RELA\u00c7\u00c3O-DE-RESUMOS-APROVADOS-PARA-COMUNICA\u00c7\u00c3O-ORAL.pdf\">Rela\u00e7\u00e3o de resumos aprovados para Comunica\u00e7\u00e3o Oral<\/a><\/p>\n<p><a href=\"http:\/\/www.ifbaiano.edu.br\/unidades\/santaines\/files\/2018\/10\/RELA\u00c7\u00c3O-DE-RESUMOS-APROVADOS-PARA-POSTER.pdf\">Rela\u00e7\u00e3o de resumos aprovados para P\u00f4ster<\/a><\/p>\n<p><a href=\"http:\/\/www.ifbaiano.edu.br\/unidades\/santaines\/files\/2018\/10\/INSCRI\u00c7\u00d5ES-PARA-PARTICIPA\u00c7\u00c3O-EM-MINICURSOS.pdf\">Cartaz de divulga\u00e7\u00e3o para inscri\u00e7\u00e3o nos minicursos<\/a><\/p>\n<hr \/>\n<p><a href=\"http:\/\/www.ifbaiano.edu.br\/unidades\/santaines\/files\/2018\/10\/FOLDER-SNCT.pdf\">F\u00d4LDER COM A PROGRAMA\u00c7\u00c3O<\/a><\/p>\n<hr \/>\n<p><a href=\"https:\/\/www.facebook.com\/pg\/ifsantaines\/photos\/?tab=album&amp;album_id=1984156984979867&amp;__xts__%5B0%5D=68.ARDpp1iCS9R711r12V45YTMawu747wlNyUXwHi4M7DDhIdTb0DVzXQz7vpnixEy29OOnTZXZ9mpnRaYcv-0-0rBJqr59_I7IjGwzAWGbZ0P9AO_aViWoUqORPMxq8lONF-pFL-Ukfi78s6tN00oVBF-eNGrjITdZr2wBPa0tebBlngBZ3gCm3-z9qy0MgG6JnK-T0jTsXbA&amp;__tn__=-UC-R\"><strong>\u00c1lbum de Fotos do Evento<\/strong><\/a><\/p>\n<hr \/>\n<p>Comiss\u00e3o Organizadora &#8211;\u00a0Portaria 128, de\u00a013\/08\/2018<\/p>\n<p>&nbsp;<\/p>\n","protected":false},"excerpt":{"rendered":"<p>Os eventos ser\u00e3o realizados nos dias 17 e 18 de outubro de 2018, nas depend\u00eancias do Campus.<\/p>\n","protected":false},"author":86,"featured_media":10772,"comment_status":"closed","ping_status":"closed","sticky":false,"template":"","format":"standard","meta":[],"categories":[4,19,23,10,57],"tags":[],"_links":{"self":[{"href":"https:\/\/www.ifbaiano.edu.br\/unidades\/santaines\/wp-json\/wp\/v2\/posts\/10762"}],"collection":[{"href":"https:\/\/www.ifbaiano.edu.br\/unidades\/santaines\/wp-json\/wp\/v2\/posts"}],"about":[{"href":"https:\/\/www.ifbaiano.edu.br\/unidades\/santaines\/wp-json\/wp\/v2\/types\/post"}],"author":[{"embeddable":true,"href":"https:\/\/www.ifbaiano.edu.br\/unidades\/santaines\/wp-json\/wp\/v2\/users\/86"}],"replies":[{"embeddable":true,"href":"https:\/\/www.ifbaiano.edu.br\/unidades\/santaines\/wp-json\/wp\/v2\/comments?post=10762"}],"version-history":[{"count":8,"href":"https:\/\/www.ifbaiano.edu.br\/unidades\/santaines\/wp-json\/wp\/v2\/posts\/10762\/revisions"}],"predecessor-version":[{"id":10953,"href":"https:\/\/www.ifbaiano.edu.br\/unidades\/santaines\/wp-json\/wp\/v2\/posts\/10762\/revisions\/10953"}],"wp:featuredmedia":[{"embeddable":true,"href":"https:\/\/www.ifbaiano.edu.br\/unidades\/santaines\/wp-json\/wp\/v2\/media\/10772"}],"wp:attachment":[{"href":"https:\/\/www.ifbaiano.edu.br\/unidades\/santaines\/wp-json\/wp\/v2\/media?parent=10762"}],"wp:term":[{"taxonomy":"category","embeddable":true,"href":"https:\/\/www.ifbaiano.edu.br\/unidades\/santaines\/wp-json\/wp\/v2\/categories?post=10762"},{"taxonomy":"post_tag","embeddable":true,"href":"https:\/\/www.ifbaiano.edu.br\/unidades\/santaines\/wp-json\/wp\/v2\/tags?post=10762"}],"curies":[{"name":"wp","href":"https:\/\/api.w.org\/{rel}","templated":true}]}}