{"id":10787,"date":"2018-09-17T12:28:58","date_gmt":"2018-09-17T15:28:58","guid":{"rendered":"http:\/\/www.ifbaiano.edu.br\/unidades\/santaines\/?p=10787"},"modified":"2018-09-17T12:29:26","modified_gmt":"2018-09-17T15:29:26","slug":"comissao-torna-publico-relatorio-final-de-suas-atividades-sobre-proposta-de-base-nacional-comum-curricular","status":"publish","type":"post","link":"https:\/\/www.ifbaiano.edu.br\/unidades\/santaines\/comissao-torna-publico-relatorio-final-de-suas-atividades-sobre-proposta-de-base-nacional-comum-curricular\/","title":{"rendered":"Comiss\u00e3o torna p\u00fablico relat\u00f3rio final de suas atividades sobre proposta de Base Nacional Comum Curricular"},"content":{"rendered":"<hr \/>\n<p style=\"text-align: justify\">A Comiss\u00e3o para Discuss\u00e3o da Base Nacional Curricular Comum do Ensino M\u00e9dio e Elabora\u00e7\u00e3o de Documento que Apresente Considera\u00e7\u00f5es do Instituto Federal de Educa\u00e7\u00e3o, Ci\u00eancia e Tecnologia Baiano Campus Santa In\u00eas \u2013 PORTARIA N\u00ba 074, DE 07 DE JUNHO DE 2018 \u2013 apresenta o\u00a0<a href=\"http:\/\/ifbaiano.edu.br\/portal\/wp-content\/uploads\/2018\/09\/Relatorio-Final-Comiss%C3%A3o-BNCC.pdf\" rel=\"\">Relat\u00f3rio Final<\/a>, resultado do trabalho da comiss\u00e3o composta por servidores do IF Baiano campus Santa In\u00eas, institu\u00edda com car\u00e1ter representativo, a fim de sintetizar as considera\u00e7\u00f5es da sua comunidade acad\u00eamica, constitu\u00edda de 155 servidores e 1035 estudantes, a respeito da proposta de Base Nacional Comum Curricular (BNCC) para o Ensino M\u00e9dio apresentada pelo Minist\u00e9rio da Educa\u00e7\u00e3o (MEC) ao Conselho Nacional da Educa\u00e7\u00e3o (CNE).<\/p>\n<hr \/>\n<p>&nbsp;<\/p>\n","protected":false},"excerpt":{"rendered":"<p>A Comiss\u00e3o para Discuss\u00e3o da Base Nacional Curricular Comum do Ensino M\u00e9dio e Elabora\u00e7\u00e3o de Documento que Apresente Considera\u00e7\u00f5es do Instituto Federal de Educa\u00e7\u00e3o, Ci\u00eancia e Tecnologia Baiano Campus Santa In\u00eas \u2013 PORTARIA N\u00ba 074, DE 07 DE JUNHO DE 2018 \u2013 apresenta o\u00a0Relat\u00f3rio Final, resultado do trabalho da comiss\u00e3o composta por servidores do IF [&hellip;]<\/p>\n","protected":false},"author":86,"featured_media":0,"comment_status":"closed","ping_status":"closed","sticky":false,"template":"","format":"standard","meta":[],"categories":[4,10,57],"tags":[],"_links":{"self":[{"href":"https:\/\/www.ifbaiano.edu.br\/unidades\/santaines\/wp-json\/wp\/v2\/posts\/10787"}],"collection":[{"href":"https:\/\/www.ifbaiano.edu.br\/unidades\/santaines\/wp-json\/wp\/v2\/posts"}],"about":[{"href":"https:\/\/www.ifbaiano.edu.br\/unidades\/santaines\/wp-json\/wp\/v2\/types\/post"}],"author":[{"embeddable":true,"href":"https:\/\/www.ifbaiano.edu.br\/unidades\/santaines\/wp-json\/wp\/v2\/users\/86"}],"replies":[{"embeddable":true,"href":"https:\/\/www.ifbaiano.edu.br\/unidades\/santaines\/wp-json\/wp\/v2\/comments?post=10787"}],"version-history":[{"count":2,"href":"https:\/\/www.ifbaiano.edu.br\/unidades\/santaines\/wp-json\/wp\/v2\/posts\/10787\/revisions"}],"predecessor-version":[{"id":10789,"href":"https:\/\/www.ifbaiano.edu.br\/unidades\/santaines\/wp-json\/wp\/v2\/posts\/10787\/revisions\/10789"}],"wp:attachment":[{"href":"https:\/\/www.ifbaiano.edu.br\/unidades\/santaines\/wp-json\/wp\/v2\/media?parent=10787"}],"wp:term":[{"taxonomy":"category","embeddable":true,"href":"https:\/\/www.ifbaiano.edu.br\/unidades\/santaines\/wp-json\/wp\/v2\/categories?post=10787"},{"taxonomy":"post_tag","embeddable":true,"href":"https:\/\/www.ifbaiano.edu.br\/unidades\/santaines\/wp-json\/wp\/v2\/tags?post=10787"}],"curies":[{"name":"wp","href":"https:\/\/api.w.org\/{rel}","templated":true}]}}