{"id":10826,"date":"2018-09-28T08:41:01","date_gmt":"2018-09-28T11:41:01","guid":{"rendered":"http:\/\/www.ifbaiano.edu.br\/unidades\/santaines\/?p=10826"},"modified":"2018-10-06T10:42:14","modified_gmt":"2018-10-06T13:42:14","slug":"selecao-de-monitores-bolsistas-para-os-cursos-profissionais-tecnicos-de-nivel-medio-de-agropecuaria-alimentos-informatica-e-zootecnia","status":"publish","type":"post","link":"https:\/\/www.ifbaiano.edu.br\/unidades\/santaines\/selecao-de-monitores-bolsistas-para-os-cursos-profissionais-tecnicos-de-nivel-medio-de-agropecuaria-alimentos-informatica-e-zootecnia\/","title":{"rendered":"Sele\u00e7\u00e3o de Monitores Bolsistas para os Cursos Profissionais T\u00e9cnicos de N\u00edvel M\u00e9dio de Agropecu\u00e1ria, Alimentos, Inform\u00e1tica e Zootecnia"},"content":{"rendered":"<hr \/>\n<p style=\"text-align: justify\">Publicado <a href=\"http:\/\/www.ifbaiano.edu.br\/unidades\/santaines\/files\/2018\/09\/EDITAL-MONITORIA_CURSOS-T\u00c9CNICOS.pdf\">EDITAL<\/a> de Sele\u00e7\u00e3o de Monitores Bolsistas e Volunt\u00e1rios para os Cursos T\u00e9cnicos Integrados ao Ensino M\u00e9dio do IF Baiano Campus Santa In\u00eas.<\/p>\n<p style=\"text-align: justify\">O Programa de Monitoria do IF Baiano Campus Santa In\u00eas, destina-se a sele\u00e7\u00e3o de estudantes devidamente matriculados nos Cursos T\u00e9cnicos de Agropecu\u00e1ria, Zootecnia, Alimentos e Inform\u00e1tica desta Institui\u00e7\u00e3o para o preenchimento das vagas de monitoria em seus respectivos cursos.<\/p>\n<p style=\"text-align: justify\">As monitorias ser\u00e3o realizadas a partir do desenvolvimento de grupos de estudos, oficinas, produ\u00e7\u00e3o de materiais did\u00e1ticos e estrat\u00e9gias que auxiliem no aprendizado.<\/p>\n<p style=\"text-align: justify\">Para participar do Programa, o(a) estudante precisa estar com matr\u00edcula e frequ\u00eancia regular em curso T\u00e9cnico de N\u00edvel M\u00e9dio do IF Baiano Campus Santa In\u00eas, al\u00e9m de outros requisitos descritos no Edital.<\/p>\n<p style=\"text-align: justify\">As inscri\u00e7\u00f5es no Processo Seletivo ser\u00e3o realizadas no Setor de Protocolo da Secretaria de Registros Acad\u00eamicos do Campus Santa In\u00eas, no per\u00edodo de 21\/09\/2017 a 25\/09\/2018 (dias \u00fateis), no hor\u00e1rio de 07h30min \u00e0s 11h30min, 13h30min \u00e0s 17h30min. No s\u00e1bado letivo o hor\u00e1rio de inscri\u00e7\u00e3o de 8h \u00e0s 11h30min.<\/p>\n<p style=\"text-align: justify\">O monitor bolsista receber\u00e1 um suporte financeiro mensal no valor de R$ 200,00 (duzentos reais) por um per\u00edodo de 05 meses (08 de outubro de 2018 a 08 de mar\u00e7o de 2019).<\/p>\n<p style=\"text-align: justify\"><span style=\"color: #000000\"><a style=\"color: #000000\" href=\"http:\/\/www.ifbaiano.edu.br\/unidades\/santaines\/files\/2018\/09\/EDITAL-MONITORIA_CURSOS-T\u00c9CNICOS.pdf\"><strong>CLIQUE AQUI<\/strong><\/a> para acesso ao Edital.<\/span><\/p>\n<p style=\"text-align: justify\"><span style=\"color: #000000\"><strong><a style=\"color: #000000;text-decoration: underline\" href=\"http:\/\/www.ifbaiano.edu.br\/unidades\/santaines\/files\/2018\/09\/RESULTADO-1\u00aa-ETAPA-DE-SELE\u00c7\u00c3O-MONITORIA-AN\u00c1LISE-DOCUMENTAL.pdf\">RESULTADO DA 1\u00aa ETAPA DE SELE\u00c7\u00c3O<\/a><\/strong><a style=\"color: #000000\" href=\"http:\/\/www.ifbaiano.edu.br\/unidades\/santaines\/files\/2018\/09\/RESULTADO-1\u00aa-ETAPA-DE-SELE\u00c7\u00c3O-MONITORIA-AN\u00c1LISE-DOCUMENTAL.pdf\"><strong>\u00a0&#8211; An\u00e1lise Documental<\/strong><\/a><\/span><\/p>\n<p style=\"text-align: justify\"><span style=\"color: #000000\"><a style=\"color: #000000\" href=\"http:\/\/www.ifbaiano.edu.br\/unidades\/santaines\/files\/2018\/09\/RETIFICA\u00c7\u00c3O_RESULTADO-1\u00aa-ETAPA-DE-SELE\u00c7\u00c3O-MONITORIA-AN\u00c1LISE-DOCUMENTAL.pdf\"><strong>RESULTADO DA 1\u00aa ETAPA DE SELE\u00c7\u00c3O<\/strong><strong>\u00a0&#8211; RETIFICA\u00c7\u00c3O N\u00ba 01<\/strong><\/a><\/span><\/p>\n<p><span style=\"color: #000000\"><a style=\"color: #000000\" href=\"http:\/\/www.ifbaiano.edu.br\/unidades\/santaines\/files\/2018\/09\/RETIFICA\u00c7\u00c3O-N\u00ba-2-ETAPA-DE-SELE\u00c7\u00c3O-MONITORIA-AN\u00c1LISE-DOCUMENTAL-RETIFICA\u00c7\u00c3O-N\u00ba-02.pdf\"><strong>RESULTADO DA 1\u00aa ETAPA DE SELE\u00c7\u00c3O &#8211; RETIFICA\u00c7\u00c3O N\u00ba 02<\/strong><\/a><\/span><\/p>\n<p><span style=\"color: #000000\"><a style=\"color: #000000\" href=\"http:\/\/www.ifbaiano.edu.br\/unidades\/santaines\/files\/2018\/09\/MONITORIA-CURSOS-T\u00c9CNICOS-HOMOLOGA\u00c7\u00c3O-RESULTADO-DOS-RECURSOS.pdf\"><strong>RESULTADO DOS RECURSOS<\/strong><\/a><\/span><\/p>\n<p><span style=\"color: #000000\"><a style=\"color: #000000\" href=\"http:\/\/www.ifbaiano.edu.br\/unidades\/santaines\/files\/2018\/09\/CRONOGRAMA-COM-HOR\u00c1RIO-DAS-ENTREVISTAS.pdf\"><strong>CRONOGRAMA COM HOR\u00c1RIO<span style=\"color: #000000\">S DAS ENTREVISTAS<\/span><\/strong><\/a><\/span><\/p>\n<p><span style=\"color: #000000\"><strong><a style=\"color: #000000\" href=\"http:\/\/www.ifbaiano.edu.br\/unidades\/santaines\/files\/2018\/09\/ERRATA-N\u00ba-01-CRONOGRAMA.pdf\">ERRATA N\u00ba 01 &#8211; CRONOGRAMA<\/a><\/strong><\/span><\/p>\n<p><a href=\"http:\/\/www.ifbaiano.edu.br\/unidades\/santaines\/files\/2018\/10\/RESULTADO-DA-2\u00aa-ETAPA-DE-SELE\u00c7\u00c3O-ENTREVISTAS.pdf\"><span style=\"color: #000000\"><strong>RESULTADO DA 2\u00aa ETAPA DE SELE\u00c7\u00c3O &#8211; ENTREVISTA<\/strong><\/span><\/a><\/p>\n<p><a href=\"http:\/\/www.ifbaiano.edu.br\/unidades\/santaines\/files\/2018\/10\/SELE\u00c7\u00c3O-MONITORES_RESULTADO-FINAL.pdf\"><span style=\"color: #000000\"><strong>RESULTADO FINAL<\/strong><\/span><\/a><\/p>\n<p><a href=\"http:\/\/www.ifbaiano.edu.br\/unidades\/santaines\/files\/2018\/10\/RESULTADO-DO-RECURSO-2\u00aa-ETAPA.pdf\"><span style=\"color: #000000\"><strong>RESULTADO DO RECURSO 2\u00aa ETAPA<\/strong><\/span><\/a><\/p>\n<p>&nbsp;<\/p>\n<hr \/>\n<p>&nbsp;<\/p>\n","protected":false},"excerpt":{"rendered":"<p>As inscri\u00e7\u00f5es acontecem no per\u00edodo de 21\/09 a 25\/09\/2018.<\/p>\n","protected":false},"author":86,"featured_media":0,"comment_status":"closed","ping_status":"closed","sticky":false,"template":"","format":"standard","meta":[],"categories":[4,38,13,6,10,8,57],"tags":[],"_links":{"self":[{"href":"https:\/\/www.ifbaiano.edu.br\/unidades\/santaines\/wp-json\/wp\/v2\/posts\/10826"}],"collection":[{"href":"https:\/\/www.ifbaiano.edu.br\/unidades\/santaines\/wp-json\/wp\/v2\/posts"}],"about":[{"href":"https:\/\/www.ifbaiano.edu.br\/unidades\/santaines\/wp-json\/wp\/v2\/types\/post"}],"author":[{"embeddable":true,"href":"https:\/\/www.ifbaiano.edu.br\/unidades\/santaines\/wp-json\/wp\/v2\/users\/86"}],"replies":[{"embeddable":true,"href":"https:\/\/www.ifbaiano.edu.br\/unidades\/santaines\/wp-json\/wp\/v2\/comments?post=10826"}],"version-history":[{"count":11,"href":"https:\/\/www.ifbaiano.edu.br\/unidades\/santaines\/wp-json\/wp\/v2\/posts\/10826\/revisions"}],"predecessor-version":[{"id":10879,"href":"https:\/\/www.ifbaiano.edu.br\/unidades\/santaines\/wp-json\/wp\/v2\/posts\/10826\/revisions\/10879"}],"wp:attachment":[{"href":"https:\/\/www.ifbaiano.edu.br\/unidades\/santaines\/wp-json\/wp\/v2\/media?parent=10826"}],"wp:term":[{"taxonomy":"category","embeddable":true,"href":"https:\/\/www.ifbaiano.edu.br\/unidades\/santaines\/wp-json\/wp\/v2\/categories?post=10826"},{"taxonomy":"post_tag","embeddable":true,"href":"https:\/\/www.ifbaiano.edu.br\/unidades\/santaines\/wp-json\/wp\/v2\/tags?post=10826"}],"curies":[{"name":"wp","href":"https:\/\/api.w.org\/{rel}","templated":true}]}}