{"id":10830,"date":"2018-09-20T13:30:53","date_gmt":"2018-09-20T16:30:53","guid":{"rendered":"http:\/\/www.ifbaiano.edu.br\/unidades\/santaines\/?p=10830"},"modified":"2018-09-20T13:30:53","modified_gmt":"2018-09-20T16:30:53","slug":"processo-seletivo-para-ingresso-de-estudantes-nos-cursos-de-qualificacao-profissional-na-modalidade-de-formacao-inicial-continuada","status":"publish","type":"post","link":"https:\/\/www.ifbaiano.edu.br\/unidades\/santaines\/processo-seletivo-para-ingresso-de-estudantes-nos-cursos-de-qualificacao-profissional-na-modalidade-de-formacao-inicial-continuada\/","title":{"rendered":"Processo Seletivo para ingresso de estudantes nos Cursos de Qualifica\u00e7\u00e3o Profissional na modalidade de Forma\u00e7\u00e3o Inicial Continuada"},"content":{"rendered":"<hr \/>\n<p style=\"text-align: justify\">Est\u00e3o abertas as\u00a0inscri\u00e7\u00f5es para provimento de vagas no curso de \u201cOperador de Computador\u201d de Qualifica\u00e7\u00e3o Profissional, na modalidade de Forma\u00e7\u00e3o Inicial Continuada (FIC), que ser\u00e1 ofertado no Campus Santa In\u00eas.<\/p>\n<p style=\"text-align: justify\">A Forma\u00e7\u00e3o Inicial e Continuada \u2013 FIC consiste em cursos de qualifica\u00e7\u00e3o, de forma\u00e7\u00e3o e aperfei\u00e7oamento profissional, de curta dura\u00e7\u00e3o.<\/p>\n<p style=\"text-align: justify\">O curso \u00e9 gratuito e n\u00e3o tem taxa de inscri\u00e7\u00e3o<\/p>\n<p style=\"text-align: justify\">S\u00e3o\u00a0<strong>25 vagas<\/strong>\u00a0com carga hor\u00e1ria de 50 horas.<\/p>\n<p style=\"text-align: justify\">Para o curso \u201cOperador de Computador\u201d o candidato deve preencher o\u00a0<a href=\"http:\/\/www.ifbaiano.edu.br\/unidades\/santaines\/files\/2018\/09\/Formul\u00e1rio-de-Inscri\u00e7\u00e3o_Operador-de-Computador.pdf\">FORMUL\u00c1RIO DE INSCRI\u00c7\u00c3O<\/a>\u00a0e enviar para o endere\u00e7o eletr\u00f4nico (e-mail): operadordecomputador@si.ifbaiano.edu.br, no per\u00edodo compreendido entre 19 a 20 de setembro de 2018, observado o hor\u00e1rio oficial local.<\/p>\n<p style=\"text-align: justify\">Para a realiza\u00e7\u00e3o das inscri\u00e7\u00f5es via e-mail, ser\u00e1 necess\u00e1rio anexar ao e-mail o documento oficial de identifica\u00e7\u00e3o com foto, cadastro de Pessoa F\u00edsica \u2013 CPF e comprovante de escolaridade.<\/p>\n<p style=\"text-align: justify\"><a href=\"http:\/\/concurso.ifbaiano.edu.br\/portal\/fic-santa-ines-setembro-2018\/\">CLIQUE AQUI<\/a> para acessar o Edital e acompanhar o processo de Sele\u00e7\u00e3o.<\/p>\n<p style=\"text-align: justify\">\n<hr \/>\n<p style=\"text-align: justify\">D\u00favidas sobre o processo dever\u00e3o ser encaminhadas para o e-mail\u00a0<strong>operadordecomputador@si.ifbaiano.edu.br<\/strong><\/p>\n","protected":false},"excerpt":{"rendered":"<p>Per\u00edodo de inscri\u00e7\u00e3o: de 19 a 20 de setembro de 2018<\/p>\n","protected":false},"author":86,"featured_media":0,"comment_status":"closed","ping_status":"closed","sticky":false,"template":"","format":"standard","meta":[],"categories":[4,10,8,57],"tags":[],"_links":{"self":[{"href":"https:\/\/www.ifbaiano.edu.br\/unidades\/santaines\/wp-json\/wp\/v2\/posts\/10830"}],"collection":[{"href":"https:\/\/www.ifbaiano.edu.br\/unidades\/santaines\/wp-json\/wp\/v2\/posts"}],"about":[{"href":"https:\/\/www.ifbaiano.edu.br\/unidades\/santaines\/wp-json\/wp\/v2\/types\/post"}],"author":[{"embeddable":true,"href":"https:\/\/www.ifbaiano.edu.br\/unidades\/santaines\/wp-json\/wp\/v2\/users\/86"}],"replies":[{"embeddable":true,"href":"https:\/\/www.ifbaiano.edu.br\/unidades\/santaines\/wp-json\/wp\/v2\/comments?post=10830"}],"version-history":[{"count":4,"href":"https:\/\/www.ifbaiano.edu.br\/unidades\/santaines\/wp-json\/wp\/v2\/posts\/10830\/revisions"}],"predecessor-version":[{"id":10836,"href":"https:\/\/www.ifbaiano.edu.br\/unidades\/santaines\/wp-json\/wp\/v2\/posts\/10830\/revisions\/10836"}],"wp:attachment":[{"href":"https:\/\/www.ifbaiano.edu.br\/unidades\/santaines\/wp-json\/wp\/v2\/media?parent=10830"}],"wp:term":[{"taxonomy":"category","embeddable":true,"href":"https:\/\/www.ifbaiano.edu.br\/unidades\/santaines\/wp-json\/wp\/v2\/categories?post=10830"},{"taxonomy":"post_tag","embeddable":true,"href":"https:\/\/www.ifbaiano.edu.br\/unidades\/santaines\/wp-json\/wp\/v2\/tags?post=10830"}],"curies":[{"name":"wp","href":"https:\/\/api.w.org\/{rel}","templated":true}]}}