{"id":10900,"date":"2018-10-15T11:49:11","date_gmt":"2018-10-15T14:49:11","guid":{"rendered":"http:\/\/www.ifbaiano.edu.br\/unidades\/santaines\/?p=10900"},"modified":"2018-10-15T12:38:25","modified_gmt":"2018-10-15T15:38:25","slug":"feira-da-saude-leva-educacao-e-cidadania-aos-estudantes-e-servidores-do-campus-santa-ines","status":"publish","type":"post","link":"https:\/\/www.ifbaiano.edu.br\/unidades\/santaines\/feira-da-saude-leva-educacao-e-cidadania-aos-estudantes-e-servidores-do-campus-santa-ines\/","title":{"rendered":"Feira da Sa\u00fade leva educa\u00e7\u00e3o e cidadania aos estudantes e servidores do Campus Santa In\u00eas"},"content":{"rendered":"<p style=\"text-align: justify\">Foi realizada, nos dias 02 e 03 de outubro, a segunda edi\u00e7\u00e3o da Feira de Sa\u00fade e Cidadania do Campus Santa In\u00eas. O evento envolveu estudantes, servidores e funcion\u00e1rios terceirizados que tiveram acesso a servi\u00e7os de aferi\u00e7\u00e3o arterial e glicemia, a exames preventivos de c\u00e2ncer de colo de \u00fatero, testes r\u00e1pidos de hepatites virais e HIV, auriculoterapia, argiloterapia, al\u00e9m de corte de cabelo, apresenta\u00e7\u00f5es culturais, oficinas e minicursos.<\/p>\n<p style=\"text-align: justify\">A Feira foi organizado pela Comiss\u00e3o Multiprofissional do Programa Pr\u00f3-sa\u00fade do Campus Santa In\u00eas e teve como objetivo sensibilizar o p\u00fablico-alvo quanto a promo\u00e7\u00e3o da sa\u00fade, preven\u00e7\u00e3o de agravos e a forma\u00e7\u00e3o cidad\u00e3. Este ano, houve uma amplia\u00e7\u00e3o de servi\u00e7os oferecidos e do p\u00fablico alcan\u00e7ado. \u201cAmpliamos as atividades ao turno noturno visando abranger os alunos dos cursos de licenciatura que normalmente n\u00e3o t\u00eam acesso \u00e0s atividades diurnas do campus\u201d, explicou o Anderson Jambeiro, coordenador do programa.<\/p>\n<p><strong>Galeria de Fotos<\/strong><\/p>\n\n\t\t<style type=\"text\/css\">\n\t\t\t#gallery-1 {\n\t\t\t\tmargin: auto;\n\t\t\t}\n\t\t\t#gallery-1 .gallery-item {\n\t\t\t\tfloat: left;\n\t\t\t\tmargin-top: 10px;\n\t\t\t\ttext-align: center;\n\t\t\t\twidth: 33%;\n\t\t\t}\n\t\t\t#gallery-1 img {\n\t\t\t\tborder: 2px solid #cfcfcf;\n\t\t\t}\n\t\t\t#gallery-1 .gallery-caption {\n\t\t\t\tmargin-left: 0;\n\t\t\t}\n\t\t\t\/* see gallery_shortcode() in wp-includes\/media.php *\/\n\t\t<\/style>\n\t\t<div id='gallery-1' class='gallery galleryid-10900 gallery-columns-3 gallery-size-thumbnail'><dl class='gallery-item'>\n\t\t\t<dt class='gallery-icon landscape'>\n\t\t\t\t<a href='https:\/\/www.ifbaiano.edu.br\/unidades\/santaines\/feira-da-saude-leva-educacao-e-cidadania-aos-estudantes-e-servidores-do-campus-santa-ines\/dsc00468\/'><img width=\"150\" height=\"100\" src=\"https:\/\/www.ifbaiano.edu.br\/unidades\/santaines\/files\/2018\/10\/DSC00468.jpg\" class=\"attachment-thumbnail size-thumbnail\" alt=\"\" decoding=\"async\" loading=\"lazy\" \/><\/a>\n\t\t\t<\/dt><\/dl><dl class='gallery-item'>\n\t\t\t<dt class='gallery-icon landscape'>\n\t\t\t\t<a href='https:\/\/www.ifbaiano.edu.br\/unidades\/santaines\/feira-da-saude-leva-educacao-e-cidadania-aos-estudantes-e-servidores-do-campus-santa-ines\/dsc_0130\/'><img width=\"150\" height=\"100\" src=\"https:\/\/www.ifbaiano.edu.br\/unidades\/santaines\/files\/2018\/10\/DSC_0130.jpg\" class=\"attachment-thumbnail size-thumbnail\" alt=\"\" decoding=\"async\" loading=\"lazy\" \/><\/a>\n\t\t\t<\/dt><\/dl><dl class='gallery-item'>\n\t\t\t<dt class='gallery-icon landscape'>\n\t\t\t\t<a href='https:\/\/www.ifbaiano.edu.br\/unidades\/santaines\/feira-da-saude-leva-educacao-e-cidadania-aos-estudantes-e-servidores-do-campus-santa-ines\/dsc_0084-2\/'><img width=\"150\" height=\"100\" src=\"https:\/\/www.ifbaiano.edu.br\/unidades\/santaines\/files\/2018\/10\/DSC_0084-1.jpg\" class=\"attachment-thumbnail size-thumbnail\" alt=\"\" decoding=\"async\" loading=\"lazy\" \/><\/a>\n\t\t\t<\/dt><\/dl><br style=\"clear: both\" \/><dl class='gallery-item'>\n\t\t\t<dt class='gallery-icon landscape'>\n\t\t\t\t<a href='https:\/\/www.ifbaiano.edu.br\/unidades\/santaines\/feira-da-saude-leva-educacao-e-cidadania-aos-estudantes-e-servidores-do-campus-santa-ines\/dsc_0036\/'><img width=\"150\" height=\"100\" src=\"https:\/\/www.ifbaiano.edu.br\/unidades\/santaines\/files\/2018\/10\/DSC_0036.jpg\" class=\"attachment-thumbnail size-thumbnail\" alt=\"\" decoding=\"async\" loading=\"lazy\" \/><\/a>\n\t\t\t<\/dt><\/dl><dl class='gallery-item'>\n\t\t\t<dt class='gallery-icon landscape'>\n\t\t\t\t<a href='https:\/\/www.ifbaiano.edu.br\/unidades\/santaines\/feira-da-saude-leva-educacao-e-cidadania-aos-estudantes-e-servidores-do-campus-santa-ines\/dsc_0022\/'><img width=\"150\" height=\"100\" src=\"https:\/\/www.ifbaiano.edu.br\/unidades\/santaines\/files\/2018\/10\/DSC_0022.jpg\" class=\"attachment-thumbnail size-thumbnail\" alt=\"\" decoding=\"async\" loading=\"lazy\" \/><\/a>\n\t\t\t<\/dt><\/dl><dl class='gallery-item'>\n\t\t\t<dt class='gallery-icon landscape'>\n\t\t\t\t<a href='https:\/\/www.ifbaiano.edu.br\/unidades\/santaines\/feira-da-saude-leva-educacao-e-cidadania-aos-estudantes-e-servidores-do-campus-santa-ines\/dsc00683\/'><img width=\"150\" height=\"84\" src=\"https:\/\/www.ifbaiano.edu.br\/unidades\/santaines\/files\/2018\/10\/DSC00683.jpg\" class=\"attachment-thumbnail size-thumbnail\" alt=\"\" decoding=\"async\" loading=\"lazy\" \/><\/a>\n\t\t\t<\/dt><\/dl><br style=\"clear: both\" \/><dl class='gallery-item'>\n\t\t\t<dt class='gallery-icon landscape'>\n\t\t\t\t<a href='https:\/\/www.ifbaiano.edu.br\/unidades\/santaines\/feira-da-saude-leva-educacao-e-cidadania-aos-estudantes-e-servidores-do-campus-santa-ines\/dsc00625\/'><img width=\"150\" height=\"84\" src=\"https:\/\/www.ifbaiano.edu.br\/unidades\/santaines\/files\/2018\/10\/DSC00625.jpg\" class=\"attachment-thumbnail size-thumbnail\" alt=\"\" decoding=\"async\" loading=\"lazy\" \/><\/a>\n\t\t\t<\/dt><\/dl><dl class='gallery-item'>\n\t\t\t<dt class='gallery-icon landscape'>\n\t\t\t\t<a href='https:\/\/www.ifbaiano.edu.br\/unidades\/santaines\/feira-da-saude-leva-educacao-e-cidadania-aos-estudantes-e-servidores-do-campus-santa-ines\/dsc00610\/'><img width=\"150\" height=\"100\" src=\"https:\/\/www.ifbaiano.edu.br\/unidades\/santaines\/files\/2018\/10\/DSC00610.jpg\" class=\"attachment-thumbnail size-thumbnail\" alt=\"\" decoding=\"async\" loading=\"lazy\" \/><\/a>\n\t\t\t<\/dt><\/dl><dl class='gallery-item'>\n\t\t\t<dt class='gallery-icon landscape'>\n\t\t\t\t<a href='https:\/\/www.ifbaiano.edu.br\/unidades\/santaines\/feira-da-saude-leva-educacao-e-cidadania-aos-estudantes-e-servidores-do-campus-santa-ines\/dsc00588\/'><img width=\"150\" height=\"84\" src=\"https:\/\/www.ifbaiano.edu.br\/unidades\/santaines\/files\/2018\/10\/DSC00588.jpg\" class=\"attachment-thumbnail size-thumbnail\" alt=\"\" decoding=\"async\" loading=\"lazy\" \/><\/a>\n\t\t\t<\/dt><\/dl><br style=\"clear: both\" \/><dl class='gallery-item'>\n\t\t\t<dt class='gallery-icon landscape'>\n\t\t\t\t<a href='https:\/\/www.ifbaiano.edu.br\/unidades\/santaines\/feira-da-saude-leva-educacao-e-cidadania-aos-estudantes-e-servidores-do-campus-santa-ines\/dsc00581\/'><img width=\"150\" height=\"100\" src=\"https:\/\/www.ifbaiano.edu.br\/unidades\/santaines\/files\/2018\/10\/DSC00581.jpg\" class=\"attachment-thumbnail size-thumbnail\" alt=\"\" decoding=\"async\" loading=\"lazy\" \/><\/a>\n\t\t\t<\/dt><\/dl><dl class='gallery-item'>\n\t\t\t<dt class='gallery-icon landscape'>\n\t\t\t\t<a href='https:\/\/www.ifbaiano.edu.br\/unidades\/santaines\/feira-da-saude-leva-educacao-e-cidadania-aos-estudantes-e-servidores-do-campus-santa-ines\/dsc00576\/'><img width=\"150\" height=\"85\" src=\"https:\/\/www.ifbaiano.edu.br\/unidades\/santaines\/files\/2018\/10\/DSC00576.jpg\" class=\"attachment-thumbnail size-thumbnail\" alt=\"\" decoding=\"async\" loading=\"lazy\" \/><\/a>\n\t\t\t<\/dt><\/dl><dl class='gallery-item'>\n\t\t\t<dt class='gallery-icon landscape'>\n\t\t\t\t<a href='https:\/\/www.ifbaiano.edu.br\/unidades\/santaines\/feira-da-saude-leva-educacao-e-cidadania-aos-estudantes-e-servidores-do-campus-santa-ines\/dsc00574\/'><img width=\"150\" height=\"84\" src=\"https:\/\/www.ifbaiano.edu.br\/unidades\/santaines\/files\/2018\/10\/DSC00574.jpg\" class=\"attachment-thumbnail size-thumbnail\" alt=\"\" decoding=\"async\" loading=\"lazy\" \/><\/a>\n\t\t\t<\/dt><\/dl><br style=\"clear: both\" \/><dl class='gallery-item'>\n\t\t\t<dt class='gallery-icon landscape'>\n\t\t\t\t<a href='https:\/\/www.ifbaiano.edu.br\/unidades\/santaines\/feira-da-saude-leva-educacao-e-cidadania-aos-estudantes-e-servidores-do-campus-santa-ines\/dsc00462\/'><img width=\"150\" height=\"100\" src=\"https:\/\/www.ifbaiano.edu.br\/unidades\/santaines\/files\/2018\/10\/DSC00462.jpg\" class=\"attachment-thumbnail size-thumbnail\" alt=\"\" decoding=\"async\" loading=\"lazy\" \/><\/a>\n\t\t\t<\/dt><\/dl><dl class='gallery-item'>\n\t\t\t<dt class='gallery-icon landscape'>\n\t\t\t\t<a href='https:\/\/www.ifbaiano.edu.br\/unidades\/santaines\/feira-da-saude-leva-educacao-e-cidadania-aos-estudantes-e-servidores-do-campus-santa-ines\/dsc00422\/'><img width=\"150\" height=\"104\" src=\"https:\/\/www.ifbaiano.edu.br\/unidades\/santaines\/files\/2018\/10\/DSC00422.jpg\" class=\"attachment-thumbnail size-thumbnail\" alt=\"\" decoding=\"async\" loading=\"lazy\" \/><\/a>\n\t\t\t<\/dt><\/dl><dl class='gallery-item'>\n\t\t\t<dt class='gallery-icon landscape'>\n\t\t\t\t<a href='https:\/\/www.ifbaiano.edu.br\/unidades\/santaines\/feira-da-saude-leva-educacao-e-cidadania-aos-estudantes-e-servidores-do-campus-santa-ines\/dsc_0289\/'><img width=\"150\" height=\"100\" src=\"https:\/\/www.ifbaiano.edu.br\/unidades\/santaines\/files\/2018\/10\/DSC_0289.jpg\" class=\"attachment-thumbnail size-thumbnail\" alt=\"\" decoding=\"async\" loading=\"lazy\" \/><\/a>\n\t\t\t<\/dt><\/dl><br style=\"clear: both\" \/><dl class='gallery-item'>\n\t\t\t<dt class='gallery-icon landscape'>\n\t\t\t\t<a href='https:\/\/www.ifbaiano.edu.br\/unidades\/santaines\/feira-da-saude-leva-educacao-e-cidadania-aos-estudantes-e-servidores-do-campus-santa-ines\/dsc_0245\/'><img width=\"150\" height=\"100\" src=\"https:\/\/www.ifbaiano.edu.br\/unidades\/santaines\/files\/2018\/10\/DSC_0245.jpg\" class=\"attachment-thumbnail size-thumbnail\" alt=\"\" decoding=\"async\" loading=\"lazy\" \/><\/a>\n\t\t\t<\/dt><\/dl><dl class='gallery-item'>\n\t\t\t<dt class='gallery-icon landscape'>\n\t\t\t\t<a href='https:\/\/www.ifbaiano.edu.br\/unidades\/santaines\/feira-da-saude-leva-educacao-e-cidadania-aos-estudantes-e-servidores-do-campus-santa-ines\/dsc_0117-2\/'><img width=\"150\" height=\"100\" src=\"https:\/\/www.ifbaiano.edu.br\/unidades\/santaines\/files\/2018\/10\/DSC_0117.jpg\" class=\"attachment-thumbnail size-thumbnail\" alt=\"\" decoding=\"async\" loading=\"lazy\" \/><\/a>\n\t\t\t<\/dt><\/dl><dl class='gallery-item'>\n\t\t\t<dt class='gallery-icon landscape'>\n\t\t\t\t<a href='https:\/\/www.ifbaiano.edu.br\/unidades\/santaines\/feira-da-saude-leva-educacao-e-cidadania-aos-estudantes-e-servidores-do-campus-santa-ines\/dsc_0043\/'><img width=\"150\" height=\"100\" src=\"https:\/\/www.ifbaiano.edu.br\/unidades\/santaines\/files\/2018\/10\/DSC_0043.jpg\" class=\"attachment-thumbnail size-thumbnail\" alt=\"\" decoding=\"async\" loading=\"lazy\" \/><\/a>\n\t\t\t<\/dt><\/dl><br style=\"clear: both\" \/>\n\t\t<\/div>\n\n","protected":false},"excerpt":{"rendered":"<p>Foi realizada, nos dias 02 e 03 de outubro, a segunda edi\u00e7\u00e3o da Feira de Sa\u00fade e Cidadania do Campus Santa In\u00eas. O evento envolveu estudantes, servidores e funcion\u00e1rios terceirizados que tiveram acesso a servi\u00e7os de aferi\u00e7\u00e3o arterial e glicemia, a exames preventivos de c\u00e2ncer de colo de \u00fatero, testes r\u00e1pidos de hepatites virais e [&hellip;]<\/p>\n","protected":false},"author":102,"featured_media":10910,"comment_status":"closed","ping_status":"closed","sticky":false,"template":"","format":"standard","meta":[],"categories":[1,57],"tags":[],"_links":{"self":[{"href":"https:\/\/www.ifbaiano.edu.br\/unidades\/santaines\/wp-json\/wp\/v2\/posts\/10900"}],"collection":[{"href":"https:\/\/www.ifbaiano.edu.br\/unidades\/santaines\/wp-json\/wp\/v2\/posts"}],"about":[{"href":"https:\/\/www.ifbaiano.edu.br\/unidades\/santaines\/wp-json\/wp\/v2\/types\/post"}],"author":[{"embeddable":true,"href":"https:\/\/www.ifbaiano.edu.br\/unidades\/santaines\/wp-json\/wp\/v2\/users\/102"}],"replies":[{"embeddable":true,"href":"https:\/\/www.ifbaiano.edu.br\/unidades\/santaines\/wp-json\/wp\/v2\/comments?post=10900"}],"version-history":[{"count":4,"href":"https:\/\/www.ifbaiano.edu.br\/unidades\/santaines\/wp-json\/wp\/v2\/posts\/10900\/revisions"}],"predecessor-version":[{"id":10924,"href":"https:\/\/www.ifbaiano.edu.br\/unidades\/santaines\/wp-json\/wp\/v2\/posts\/10900\/revisions\/10924"}],"wp:featuredmedia":[{"embeddable":true,"href":"https:\/\/www.ifbaiano.edu.br\/unidades\/santaines\/wp-json\/wp\/v2\/media\/10910"}],"wp:attachment":[{"href":"https:\/\/www.ifbaiano.edu.br\/unidades\/santaines\/wp-json\/wp\/v2\/media?parent=10900"}],"wp:term":[{"taxonomy":"category","embeddable":true,"href":"https:\/\/www.ifbaiano.edu.br\/unidades\/santaines\/wp-json\/wp\/v2\/categories?post=10900"},{"taxonomy":"post_tag","embeddable":true,"href":"https:\/\/www.ifbaiano.edu.br\/unidades\/santaines\/wp-json\/wp\/v2\/tags?post=10900"}],"curies":[{"name":"wp","href":"https:\/\/api.w.org\/{rel}","templated":true}]}}