{"id":10927,"date":"2018-10-16T09:42:35","date_gmt":"2018-10-16T12:42:35","guid":{"rendered":"http:\/\/www.ifbaiano.edu.br\/unidades\/santaines\/?p=10927"},"modified":"2018-10-16T09:46:00","modified_gmt":"2018-10-16T12:46:00","slug":"homenagem-aos-professores-if-baiano-campus-santa-ines","status":"publish","type":"post","link":"https:\/\/www.ifbaiano.edu.br\/unidades\/santaines\/homenagem-aos-professores-if-baiano-campus-santa-ines\/","title":{"rendered":"Homenagem aos Professores &#8211; IF Baiano Campus Santa In\u00eas"},"content":{"rendered":"<p style=\"text-align: justify;\">Para celebrar o dia dos professores, comemorado anualmente em todo o Brasil no dia 15 de outubro, o\u00a0<strong>IF Baiano Campus Santa In\u00eas\u00a0<\/strong>teve um momento de\u00a0confraterniza\u00e7\u00e3o com anima\u00e7\u00e3o (voz e viol\u00e3o) de estudantes do Ensino m\u00e9dio Integrado Isac (Agropecu\u00e1ria) e Maria Eduarda (Alimentos).<\/p>\n<p style=\"text-align: justify;\">O Diretor Geral, professor Abdon Santos Nogueira, parabenizou a todos(as) e a Diretora Acad\u00eamica,\u00a0Merilande Soares Eloi, juntamente com o Coordenador de Ensino, Prof Vin\u00edcius Reis de Figueiredo, recitaram o cordel &#8220;A For\u00e7a do Professor&#8221; do &#8220;fazedor de poesia&#8221; Br\u00e1ulio Bessa.<\/p>\n<hr \/>\n<p style=\"text-align: center;\">A For\u00e7a do Professor<\/p>\n<p style=\"text-align: center;\">Um guerreiro sem espada<br \/>\nsem faca, foice ou fac\u00e3o<br \/>\narmado s\u00f3 de amor<br \/>\nsegurando um giz na m\u00e3o<br \/>\no livro \u00e9 seu escudo<br \/>\nque lhe protege de tudo<br \/>\nque possa lhe causar dor<br \/>\npor isso eu tenho dito<br \/>\nTenho f\u00e9 e acredito<br \/>\nna for\u00e7a do professor.<\/p>\n<p style=\"text-align: center;\">Ah&#8230; se um dia governantes<br \/>\nprestassem mais aten\u00e7\u00e3o<br \/>\nnos verdadeiros her\u00f3is<br \/>\nque constroem a na\u00e7\u00e3o<br \/>\nah&#8230; se fizessem justi\u00e7a<br \/>\nsem corpo mole ou pregui\u00e7a<br \/>\nlhe dando o real valor<br \/>\neu daria um grande grito<br \/>\nTenho f\u00e9 e acredito<br \/>\nna for\u00e7a do professor.<\/p>\n<p style=\"text-align: center;\">Por\u00e9m n\u00e3o sinta vergonha<br \/>\nn\u00e3o se sinta derrotado<br \/>\nse o nosso pais vai mal<br \/>\nvoc\u00ea n\u00e3o \u00e9 o culpado<br \/>\nNas pot\u00eancias mundiais<br \/>\ns\u00e3o sempre her\u00f3is nacionais<br \/>\ne por aqui sem valor<br \/>\nmesmo triste e muito aflito<br \/>\nTenho f\u00e9 e acredito<br \/>\nna for\u00e7a do professor.<\/p>\n<p style=\"text-align: center;\">Um arquiteto de sonhos<br \/>\nEngenheiro do futuro<br \/>\nUm motorista da vida<br \/>\ndirigindo no escuro<br \/>\nUm plantador de esperan\u00e7a<br \/>\nplantando em cada crian\u00e7a<br \/>\num adulto sonhador<br \/>\ne esse cordel foi escrito<br \/>\npor que ainda acredito<br \/>\nna for\u00e7a do professor.<\/p>\n<p style=\"text-align: center;\">Br\u00e1ulio Bessa<br \/>\nFeliz dia do professor para todos n\u00f3s!<\/p>\n<p style=\"text-align: center;\">\u00a0<img decoding=\"async\" loading=\"lazy\" class=\"aligncenter wp-image-10933 size-full\" src=\"http:\/\/www.ifbaiano.edu.br\/unidades\/santaines\/files\/2018\/10\/c76d74a9-a8e8-4aad-bf1f-b67f420a3cbc.jpg\" alt=\"c76d74a9-a8e8-4aad-bf1f-b67f420a3cbc\" width=\"1280\" height=\"960\" \/> <img decoding=\"async\" loading=\"lazy\" class=\"aligncenter wp-image-10932 size-full\" src=\"http:\/\/www.ifbaiano.edu.br\/unidades\/santaines\/files\/2018\/10\/c015f08b-0f70-4f06-9bf7-3c67a109a84f.jpg\" alt=\"c015f08b-0f70-4f06-9bf7-3c67a109a84f\" width=\"1280\" height=\"960\" \/> <img decoding=\"async\" loading=\"lazy\" class=\"aligncenter wp-image-10931 size-full\" src=\"http:\/\/www.ifbaiano.edu.br\/unidades\/santaines\/files\/2018\/10\/b90e750c-9b63-4108-b4a2-875d42f1f856.jpg\" alt=\"b90e750c-9b63-4108-b4a2-875d42f1f856\" width=\"960\" height=\"1280\" \/> <img decoding=\"async\" loading=\"lazy\" class=\"aligncenter wp-image-10930 size-full\" src=\"http:\/\/www.ifbaiano.edu.br\/unidades\/santaines\/files\/2018\/10\/7fe6e2a2-300c-4a49-bb34-bdea83ab1a79.jpg\" alt=\"7fe6e2a2-300c-4a49-bb34-bdea83ab1a79\" width=\"1280\" height=\"960\" \/> <img decoding=\"async\" loading=\"lazy\" class=\"aligncenter size-full wp-image-10929\" src=\"http:\/\/www.ifbaiano.edu.br\/unidades\/santaines\/files\/2018\/10\/7fdd6978-c65a-4148-b685-a1babc9dc66d.jpg\" alt=\"7fdd6978-c65a-4148-b685-a1babc9dc66d\" width=\"960\" height=\"1280\" \/><\/p>\n","protected":false},"excerpt":{"rendered":"<p>Para celebrar o dia dos professores, comemorado anualmente em todo o Brasil no dia 15 de outubro, o\u00a0IF Baiano Campus Santa In\u00eas\u00a0teve um momento de\u00a0confraterniza\u00e7\u00e3o com anima\u00e7\u00e3o (voz e viol\u00e3o) de estudantes do Ensino m\u00e9dio Integrado Isac (Agropecu\u00e1ria) e Maria Eduarda (Alimentos). O Diretor Geral, professor Abdon Santos Nogueira, parabenizou a todos(as) e a Diretora [&hellip;]<\/p>\n","protected":false},"author":86,"featured_media":10939,"comment_status":"closed","ping_status":"closed","sticky":false,"template":"","format":"standard","meta":[],"categories":[57],"tags":[],"_links":{"self":[{"href":"https:\/\/www.ifbaiano.edu.br\/unidades\/santaines\/wp-json\/wp\/v2\/posts\/10927"}],"collection":[{"href":"https:\/\/www.ifbaiano.edu.br\/unidades\/santaines\/wp-json\/wp\/v2\/posts"}],"about":[{"href":"https:\/\/www.ifbaiano.edu.br\/unidades\/santaines\/wp-json\/wp\/v2\/types\/post"}],"author":[{"embeddable":true,"href":"https:\/\/www.ifbaiano.edu.br\/unidades\/santaines\/wp-json\/wp\/v2\/users\/86"}],"replies":[{"embeddable":true,"href":"https:\/\/www.ifbaiano.edu.br\/unidades\/santaines\/wp-json\/wp\/v2\/comments?post=10927"}],"version-history":[{"count":5,"href":"https:\/\/www.ifbaiano.edu.br\/unidades\/santaines\/wp-json\/wp\/v2\/posts\/10927\/revisions"}],"predecessor-version":[{"id":10940,"href":"https:\/\/www.ifbaiano.edu.br\/unidades\/santaines\/wp-json\/wp\/v2\/posts\/10927\/revisions\/10940"}],"wp:featuredmedia":[{"embeddable":true,"href":"https:\/\/www.ifbaiano.edu.br\/unidades\/santaines\/wp-json\/wp\/v2\/media\/10939"}],"wp:attachment":[{"href":"https:\/\/www.ifbaiano.edu.br\/unidades\/santaines\/wp-json\/wp\/v2\/media?parent=10927"}],"wp:term":[{"taxonomy":"category","embeddable":true,"href":"https:\/\/www.ifbaiano.edu.br\/unidades\/santaines\/wp-json\/wp\/v2\/categories?post=10927"},{"taxonomy":"post_tag","embeddable":true,"href":"https:\/\/www.ifbaiano.edu.br\/unidades\/santaines\/wp-json\/wp\/v2\/tags?post=10927"}],"curies":[{"name":"wp","href":"https:\/\/api.w.org\/{rel}","templated":true}]}}