{"id":1093,"date":"2012-02-08T16:06:01","date_gmt":"2012-02-08T19:06:01","guid":{"rendered":"http:\/\/www.ifbaiano.edu.br\/unidades\/santaines\/?p=1093"},"modified":"2012-02-08T16:06:01","modified_gmt":"2012-02-08T19:06:01","slug":"vagas-remanescentes-para-preenchimento-da-lista-de-espera-2","status":"publish","type":"post","link":"https:\/\/www.ifbaiano.edu.br\/unidades\/santaines\/vagas-remanescentes-para-preenchimento-da-lista-de-espera-2\/","title":{"rendered":"Vagas remanescentes para preenchimento da lista de espera"},"content":{"rendered":"<p>O Diretor Geral do Instituto Federal de Educa\u00e7\u00e3o, Ci\u00eancia e Tecnologia Baiano, IF Baiano &#8211; Campus Santa In\u00eas, em atendimento ao Processo Seletivo do Sistema SISU, convoca os candidatos abaixo selecionados na lista de espera, para a realiza\u00e7\u00e3o das matr\u00edculas no per\u00edodo de 06\/02\/2012 a 08\/02\/2012, das 09h00min \u00e0s 11h30min e 12h00min \u00e0s 17h00min, em sua sede, na cidade de Santa In\u00eas. O objetivo da mesma \u00e9 o preenchimento das vagas remanescentes dos cursos de Biologia, Geografia e Zootecnia. O n\u00e3o comparecimento do candidato ser\u00e1 considerado a desist\u00eancia da vaga, com classifica\u00e7\u00e3o do candidato seguinte da lista de espera. Verifique sua classifica\u00e7\u00e3o no site: <a href=\"http:\/\/www.si.ifbaiano.edu.br\/\">www.si.ifbaiano.edu.br<\/a><\/p>\n<p><a href=\"http:\/\/www.ifbaiano.edu.br\/unidades\/santaines\/files\/2012\/02\/DIVULGAcaO-DA-LISTA-DE-ESPERA-DE-ZOOTECNIA.pdf\" target=\"_blank\">Lista de espera\u00a0 Zootecnia<\/a><\/p>\n<p><a href=\"http:\/\/www.ifbaiano.edu.br\/unidades\/santaines\/files\/2012\/02\/lista-de-convocacao-biologia-2012.2.pdf\" target=\"_blank\">Lista de convoca\u00e7\u00e3o Biologia 2012.2<\/a><\/p>\n<p><a href=\"http:\/\/www.ifbaiano.edu.br\/unidades\/santaines\/files\/2012\/02\/lista-de-convocacao-geografia-2012.2.pdf\" target=\"_blank\">Lista de convoca\u00e7\u00e3o Geografia 2012.2<\/a><\/p>\n<p><strong>QUANTIDADE DE VAGAS REMANESCENTES<\/strong><\/p>\n<p>Biologia: 31<br \/>\nGeografia: 29<br \/>\nZootecnia: 25<\/p>\n<p>Total: 85 vagas<\/p>\n<p><strong>DOCUMENTOS NECESS\u00c1RIOS PARA MATRICULA DA LISTRA DE ESPERA SISU 2012<\/strong><\/p>\n<p>COPIA E ORIGINAL DE:<br \/>\nRG<br \/>\nCPF<br \/>\nHISTORICO ESCOLAR DO ENSINO M\u00c9DIO<br \/>\nCERTIFICADO DE CONCLUS\u00c3O DO ENSINO M\u00c9DIO<br \/>\nQUITA\u00c7\u00c3O COM A JUSTI\u00c7A ELEITORL<br \/>\nT\u00cdTULO DE ELEITOR<br \/>\nCARTEIRA DE RESERVISTA,( PARA HOMENS)<br \/>\n02( DUAS) FOTOS ATUAIS<\/p>\n<p>Endere\u00e7o: Instituto Federal de Educa\u00e7\u00e3o, Ci\u00eancia e Tecnologia Baiano &#8211;<br \/>\nCampus Santa In\u00eas<br \/>\nKm 2,5 &#8211; BA 420 &#8211; Rodovia Santa In\u00eas &#8211; Uba\u00edra<br \/>\nCEP: 45.320-000<br \/>\nFone (73) 3536-1210 &#8211; FAX. (73) 3536-1499<br \/>\ne-mail: <a href=\"mailto:secra@si.ifbaiano.edu.br\">secra@si.ifbaiano.edu.br<\/a><\/p>\n","protected":false},"excerpt":{"rendered":"<p>O Diretor Geral do Instituto Federal de Educa\u00e7\u00e3o, Ci\u00eancia e Tecnologia Baiano, IF Baiano &#8211; Campus Santa In\u00eas, em atendimento ao Processo Seletivo do Sistema SISU, convoca os candidatos abaixo selecionados na lista de espera, para a realiza\u00e7\u00e3o das matr\u00edculas no per\u00edodo de 06\/02\/2012 a 08\/02\/2012, das 09h00min \u00e0s 11h30min e 12h00min \u00e0s 17h00min, em [&hellip;]<\/p>\n","protected":false},"author":26,"featured_media":0,"comment_status":"closed","ping_status":"closed","sticky":false,"template":"","format":"standard","meta":[],"categories":[8],"tags":[],"_links":{"self":[{"href":"https:\/\/www.ifbaiano.edu.br\/unidades\/santaines\/wp-json\/wp\/v2\/posts\/1093"}],"collection":[{"href":"https:\/\/www.ifbaiano.edu.br\/unidades\/santaines\/wp-json\/wp\/v2\/posts"}],"about":[{"href":"https:\/\/www.ifbaiano.edu.br\/unidades\/santaines\/wp-json\/wp\/v2\/types\/post"}],"author":[{"embeddable":true,"href":"https:\/\/www.ifbaiano.edu.br\/unidades\/santaines\/wp-json\/wp\/v2\/users\/26"}],"replies":[{"embeddable":true,"href":"https:\/\/www.ifbaiano.edu.br\/unidades\/santaines\/wp-json\/wp\/v2\/comments?post=1093"}],"version-history":[{"count":1,"href":"https:\/\/www.ifbaiano.edu.br\/unidades\/santaines\/wp-json\/wp\/v2\/posts\/1093\/revisions"}],"predecessor-version":[{"id":1094,"href":"https:\/\/www.ifbaiano.edu.br\/unidades\/santaines\/wp-json\/wp\/v2\/posts\/1093\/revisions\/1094"}],"wp:attachment":[{"href":"https:\/\/www.ifbaiano.edu.br\/unidades\/santaines\/wp-json\/wp\/v2\/media?parent=1093"}],"wp:term":[{"taxonomy":"category","embeddable":true,"href":"https:\/\/www.ifbaiano.edu.br\/unidades\/santaines\/wp-json\/wp\/v2\/categories?post=1093"},{"taxonomy":"post_tag","embeddable":true,"href":"https:\/\/www.ifbaiano.edu.br\/unidades\/santaines\/wp-json\/wp\/v2\/tags?post=1093"}],"curies":[{"name":"wp","href":"https:\/\/api.w.org\/{rel}","templated":true}]}}