{"id":11049,"date":"2018-11-08T11:38:46","date_gmt":"2018-11-08T14:38:46","guid":{"rendered":"http:\/\/www.ifbaiano.edu.br\/unidades\/santaines\/?p=11049"},"modified":"2018-11-09T12:25:12","modified_gmt":"2018-11-09T15:25:12","slug":"evento-discute-o-lugar-da-mulher-na-ciencia","status":"publish","type":"post","link":"https:\/\/www.ifbaiano.edu.br\/unidades\/santaines\/evento-discute-o-lugar-da-mulher-na-ciencia\/","title":{"rendered":"Evento discute o lugar da mulher na ci\u00eancia"},"content":{"rendered":"<p style=\"text-align: justify\">O tema \u201cCi\u00eancia para a redu\u00e7\u00e3o das desigualdades\u201d inspira discuss\u00f5es sobre as raz\u00f5es pelas quais a ci\u00eancia \u00e9 uma constru\u00e7\u00e3o realizada muito mais por homens do que por mulheres. Por que o n\u00famero de mulheres membros de comit\u00ea de cient\u00edfico, das sociedades de ci\u00eancias, que ganharam pr\u00eamio nobel, bolsistas produtividade entre outros \u00e9 menor que o dos homens? H\u00e1 neutralidade no mundo da ci\u00eancia (ocidental)? As caracter\u00edsticas de g\u00eanero frequentemente atribu\u00eddas \u00e0s mulheres coincidem com as de um cientista?<\/p>\n<p style=\"text-align: justify\">Com o entendimento de que g\u00eanero e ci\u00eancia s\u00e3o constru\u00e7\u00f5es sociais, hist\u00f3ricas, produto de rela\u00e7\u00f5es de poder, e que seus efeitos tem limitado a vida das mulheres, as professoras Rita Garcia e Catia Farago, junto com suas bolsistas, reuniram estudantes no minicurso \u201cCi\u00eancia &#8211; lugar de mulher\u201d durante a 5\u00aa SNCT no campus Santa In\u00eas. O minicurso teve por prop\u00f3sito trazer uma reflex\u00e3o sobre a aus\u00eancia da mulher na ci\u00eancia, reconhecendo a contribui\u00e7\u00e3o da cr\u00edtica feminista para sua desdogmatiza\u00e7\u00e3o e redesenho de novos paradigmas para a sociedade.<\/p>\n<p>&nbsp;<\/p>\n\n\t\t<style type=\"text\/css\">\n\t\t\t#gallery-1 {\n\t\t\t\tmargin: auto;\n\t\t\t}\n\t\t\t#gallery-1 .gallery-item {\n\t\t\t\tfloat: left;\n\t\t\t\tmargin-top: 10px;\n\t\t\t\ttext-align: center;\n\t\t\t\twidth: 33%;\n\t\t\t}\n\t\t\t#gallery-1 img {\n\t\t\t\tborder: 2px solid #cfcfcf;\n\t\t\t}\n\t\t\t#gallery-1 .gallery-caption {\n\t\t\t\tmargin-left: 0;\n\t\t\t}\n\t\t\t\/* see gallery_shortcode() in wp-includes\/media.php *\/\n\t\t<\/style>\n\t\t<div id='gallery-1' class='gallery galleryid-11049 gallery-columns-3 gallery-size-thumbnail'><dl class='gallery-item'>\n\t\t\t<dt class='gallery-icon landscape'>\n\t\t\t\t<a href='https:\/\/www.ifbaiano.edu.br\/unidades\/santaines\/evento-discute-o-lugar-da-mulher-na-ciencia\/44767757_517642878708211_4060370955317280768_n-copia\/'><img width=\"150\" height=\"113\" src=\"https:\/\/www.ifbaiano.edu.br\/unidades\/santaines\/files\/2018\/11\/44767757_517642878708211_4060370955317280768_n-Copia.jpg\" class=\"attachment-thumbnail size-thumbnail\" alt=\"\" decoding=\"async\" loading=\"lazy\" \/><\/a>\n\t\t\t<\/dt><\/dl><dl class='gallery-item'>\n\t\t\t<dt class='gallery-icon landscape'>\n\t\t\t\t<a href='https:\/\/www.ifbaiano.edu.br\/unidades\/santaines\/evento-discute-o-lugar-da-mulher-na-ciencia\/44579012_2069960743063519_268416631158341632_n-copia\/'><img width=\"150\" height=\"113\" src=\"https:\/\/www.ifbaiano.edu.br\/unidades\/santaines\/files\/2018\/11\/44579012_2069960743063519_268416631158341632_n-Copia.jpg\" class=\"attachment-thumbnail size-thumbnail\" alt=\"\" decoding=\"async\" loading=\"lazy\" \/><\/a>\n\t\t\t<\/dt><\/dl><dl class='gallery-item'>\n\t\t\t<dt class='gallery-icon landscape'>\n\t\t\t\t<a href='https:\/\/www.ifbaiano.edu.br\/unidades\/santaines\/evento-discute-o-lugar-da-mulher-na-ciencia\/ciencia_lugar\/'><img width=\"150\" height=\"112\" src=\"https:\/\/www.ifbaiano.edu.br\/unidades\/santaines\/files\/2018\/11\/ciencia_lugar.jpg\" class=\"attachment-thumbnail size-thumbnail\" alt=\"\" decoding=\"async\" loading=\"lazy\" \/><\/a>\n\t\t\t<\/dt><\/dl><br style=\"clear: both\" \/>\n\t\t<\/div>\n\n","protected":false},"excerpt":{"rendered":"<p>&#8220;Ci\u00eancia &#8211; lugar de mulher&#8221; foi realizado durante a 5\u00aa SNCT<\/p>\n","protected":false},"author":102,"featured_media":11051,"comment_status":"closed","ping_status":"closed","sticky":false,"template":"","format":"standard","meta":[],"categories":[4,5,37,23,10],"tags":[],"_links":{"self":[{"href":"https:\/\/www.ifbaiano.edu.br\/unidades\/santaines\/wp-json\/wp\/v2\/posts\/11049"}],"collection":[{"href":"https:\/\/www.ifbaiano.edu.br\/unidades\/santaines\/wp-json\/wp\/v2\/posts"}],"about":[{"href":"https:\/\/www.ifbaiano.edu.br\/unidades\/santaines\/wp-json\/wp\/v2\/types\/post"}],"author":[{"embeddable":true,"href":"https:\/\/www.ifbaiano.edu.br\/unidades\/santaines\/wp-json\/wp\/v2\/users\/102"}],"replies":[{"embeddable":true,"href":"https:\/\/www.ifbaiano.edu.br\/unidades\/santaines\/wp-json\/wp\/v2\/comments?post=11049"}],"version-history":[{"count":3,"href":"https:\/\/www.ifbaiano.edu.br\/unidades\/santaines\/wp-json\/wp\/v2\/posts\/11049\/revisions"}],"predecessor-version":[{"id":11064,"href":"https:\/\/www.ifbaiano.edu.br\/unidades\/santaines\/wp-json\/wp\/v2\/posts\/11049\/revisions\/11064"}],"wp:featuredmedia":[{"embeddable":true,"href":"https:\/\/www.ifbaiano.edu.br\/unidades\/santaines\/wp-json\/wp\/v2\/media\/11051"}],"wp:attachment":[{"href":"https:\/\/www.ifbaiano.edu.br\/unidades\/santaines\/wp-json\/wp\/v2\/media?parent=11049"}],"wp:term":[{"taxonomy":"category","embeddable":true,"href":"https:\/\/www.ifbaiano.edu.br\/unidades\/santaines\/wp-json\/wp\/v2\/categories?post=11049"},{"taxonomy":"post_tag","embeddable":true,"href":"https:\/\/www.ifbaiano.edu.br\/unidades\/santaines\/wp-json\/wp\/v2\/tags?post=11049"}],"curies":[{"name":"wp","href":"https:\/\/api.w.org\/{rel}","templated":true}]}}