{"id":11081,"date":"2018-11-12T12:29:09","date_gmt":"2018-11-12T15:29:09","guid":{"rendered":"http:\/\/www.ifbaiano.edu.br\/unidades\/santaines\/?p=11081"},"modified":"2018-11-12T12:31:30","modified_gmt":"2018-11-12T15:31:30","slug":"11081-2","status":"publish","type":"post","link":"https:\/\/www.ifbaiano.edu.br\/unidades\/santaines\/11081-2\/","title":{"rendered":"CONVITE  &#8211; Grupo de Estudos Negros (GENE)"},"content":{"rendered":"<hr \/>\n<div>\n<div dir=\"auto\" style=\"text-align: justify\">O Grupo de Estudos Negros (GENE) tem a honra de convidar toda comunidade para participar da programa\u00e7\u00e3o do *Novembro Negro: Existir na resist\u00eancia*.<\/div>\n<div dir=\"auto\" style=\"text-align: justify\"><\/div>\n<div dir=\"auto\" style=\"text-align: justify\">Est\u00e3o previstas na programa\u00e7\u00e3o: oficina, cinema, roda de conversas e palestras.<\/div>\n<div dir=\"auto\" style=\"text-align: justify\"><\/div>\n<\/div>\n<div dir=\"auto\"><a href=\"http:\/\/www.ifbaiano.edu.br\/unidades\/santaines\/files\/2018\/11\/IMG-20181111-WA0001.jpg\"><img decoding=\"async\" loading=\"lazy\" class=\"alignnone wp-image-11082\" src=\"http:\/\/www.ifbaiano.edu.br\/unidades\/santaines\/files\/2018\/11\/IMG-20181111-WA0001.jpg\" alt=\"IMG-20181111-WA0001\" width=\"472\" height=\"667\" \/><\/a><\/div>\n<div dir=\"auto\"><\/div>\n<div dir=\"auto\"><\/div>\n<div dir=\"auto\"><\/div>\n<div dir=\"auto\"><\/div>\n<div dir=\"auto\"><\/div>\n<div>\n<p>&nbsp;<\/p>\n<\/div>\n","protected":false},"excerpt":{"rendered":"<p>Novembro Negro: Existir na resist\u00eancia<\/p>\n","protected":false},"author":86,"featured_media":0,"comment_status":"closed","ping_status":"closed","sticky":false,"template":"","format":"standard","meta":[],"categories":[4,19,10,57],"tags":[],"_links":{"self":[{"href":"https:\/\/www.ifbaiano.edu.br\/unidades\/santaines\/wp-json\/wp\/v2\/posts\/11081"}],"collection":[{"href":"https:\/\/www.ifbaiano.edu.br\/unidades\/santaines\/wp-json\/wp\/v2\/posts"}],"about":[{"href":"https:\/\/www.ifbaiano.edu.br\/unidades\/santaines\/wp-json\/wp\/v2\/types\/post"}],"author":[{"embeddable":true,"href":"https:\/\/www.ifbaiano.edu.br\/unidades\/santaines\/wp-json\/wp\/v2\/users\/86"}],"replies":[{"embeddable":true,"href":"https:\/\/www.ifbaiano.edu.br\/unidades\/santaines\/wp-json\/wp\/v2\/comments?post=11081"}],"version-history":[{"count":10,"href":"https:\/\/www.ifbaiano.edu.br\/unidades\/santaines\/wp-json\/wp\/v2\/posts\/11081\/revisions"}],"predecessor-version":[{"id":11092,"href":"https:\/\/www.ifbaiano.edu.br\/unidades\/santaines\/wp-json\/wp\/v2\/posts\/11081\/revisions\/11092"}],"wp:attachment":[{"href":"https:\/\/www.ifbaiano.edu.br\/unidades\/santaines\/wp-json\/wp\/v2\/media?parent=11081"}],"wp:term":[{"taxonomy":"category","embeddable":true,"href":"https:\/\/www.ifbaiano.edu.br\/unidades\/santaines\/wp-json\/wp\/v2\/categories?post=11081"},{"taxonomy":"post_tag","embeddable":true,"href":"https:\/\/www.ifbaiano.edu.br\/unidades\/santaines\/wp-json\/wp\/v2\/tags?post=11081"}],"curies":[{"name":"wp","href":"https:\/\/api.w.org\/{rel}","templated":true}]}}