{"id":11101,"date":"2018-11-14T18:15:29","date_gmt":"2018-11-14T21:15:29","guid":{"rendered":"http:\/\/www.ifbaiano.edu.br\/unidades\/santaines\/?p=11101"},"modified":"2018-11-21T15:39:00","modified_gmt":"2018-11-21T18:39:00","slug":"projeto-de-biodigestor-criado-por-estudante-if-baiano-e-destaque-no-canal-futura","status":"publish","type":"post","link":"https:\/\/www.ifbaiano.edu.br\/unidades\/santaines\/projeto-de-biodigestor-criado-por-estudante-if-baiano-e-destaque-no-canal-futura\/","title":{"rendered":"Projeto de biodigestor criado por estudante do IF Baiano \u00e9 destaque no Canal Futura"},"content":{"rendered":"<hr \/>\n<p style=\"text-align: justify\">Vai ao ar nesta quinta-feira, 15, no Canal Futura, mais um epis\u00f3dio do programa\u00a0<a href=\"http:\/\/pensegrandedoc.org.br\/\">Pense Grande.doc<\/a>, uma s\u00e9rie de 26 epis\u00f3dios sobre casos de jovens empreendedores no pa\u00eds. E o destaque da vez \u00e9 um projeto do egresso do IF Baiano, Rafael Gon\u00e7alves, desenvolvido durante seu tempo de forma\u00e7\u00e3o no curso t\u00e9cnico integrado em Zootecnia no\u00a0<em>Campus\u00a0<\/em>Santa In\u00eas.<\/p>\n<p style=\"text-align: justify\">Utilizando dejetos de origem animal, o estudante construiu um prot\u00f3tipo de biodigestor caseiro para produ\u00e7\u00e3o de biog\u00e1s, forma\u00e7\u00e3o de biofertilizantes e capacita\u00e7\u00e3o de pequenos agricultores de sua regi\u00e3o.<\/p>\n<p style=\"text-align: justify\"><a href=\"http:\/\/www.ifbaiano.edu.br\/unidades\/santaines\/files\/2018\/11\/estudante-rafael-biodigestor.jpeg\"><img decoding=\"async\" loading=\"lazy\" class=\"alignnone size-full wp-image-11103\" src=\"http:\/\/www.ifbaiano.edu.br\/unidades\/santaines\/files\/2018\/11\/estudante-rafael-biodigestor.jpeg\" alt=\"estudante-rafael-biodigestor\" width=\"864\" height=\"727\" \/><\/a><\/p>\n<p style=\"text-align: justify\">A ideia surgiu a partir da identifica\u00e7\u00e3o de uma necessidade observada em seu contexto familiar. \u201cL\u00e1 em casa, a gente tem muito consumo com g\u00e1s de cozinha por causa do trabalho do meu pai, que \u00e9 com ferrageamento de animais a quente. Sem falar do uso do g\u00e1s para cozinhar. E a gente viu uma reportagem falando sobre os biodigestores. Ent\u00e3o, eu e meu irm\u00e3o fizemos um biodigestor, digamos, bem r\u00fastico, l\u00e1 em casa\u201d. No entanto, a primeira tentativa n\u00e3o deu certo. Era preciso entender melhor o funcionamento da tecnologia e essa foi a hora de pedir ajuda. Com orienta\u00e7\u00f5es dos professores do Instituto Federal Baiano, Rafael come\u00e7ou a estudar sobre como aperfei\u00e7oar o m\u00e9todo de constru\u00e7\u00e3o de um biodigestor, e assim, a simples ideia se transformou em projeto de extens\u00e3o. \u201cCom isso, veio a ideia de fazer uma f\u00e1brica de biodigestor no meu povoado, Lagoa Queimada, que necessita bastante disso. A popula\u00e7\u00e3o de l\u00e1 \u00e9 muito carente, ent\u00e3o eles tamb\u00e9m necessitam de um g\u00e1s de baixo custo\u201d, relatou o jovem pesquisador.<\/p>\n<p style=\"text-align: justify\">Al\u00e9m da vantagem da redu\u00e7\u00e3o de gastos, a produ\u00e7\u00e3o de biog\u00e1s tem impacto ambiental e para a sa\u00fade de moradores pr\u00f3ximos a propriedades rurais, pois utiliza como mat\u00e9ria org\u00e2nica para sua gera\u00e7\u00e3o dejetos de animais que, quando tratados de forma inadequada, podem contaminar o ar, o solo e a \u00e1gua. Assim, o biodigestor apresenta-se como alternativa ao aproveitar esses res\u00edduos, que seriam dispensados como lixo, para a gera\u00e7\u00e3o de energia renov\u00e1vel, cujo \u00edndice de polui\u00e7\u00e3o \u00e9 baixo quando comparado aos combust\u00edveis f\u00f3sseis.<\/p>\n<p style=\"text-align: justify\">\u201cA relev\u00e2ncia desse projeto gira em torno, al\u00e9m da quest\u00e3o ambiental, uma vez que voc\u00ea est\u00e1 tirando esse dejetos do meio ambiente e impedindo que eles contaminem o meio ambiente, tamb\u00e9m da gera\u00e7\u00e3o de renda porque voc\u00ea diminui o gasto com botij\u00e3o de g\u00e1s que, economicamente, para as pessoas daqui \u00e9 muito caro. Ent\u00e3o, voc\u00ea reduz o uso desse botij\u00e3o de g\u00e1s porque voc\u00ea vai estar utilizando o metano, que \u00e9 o biog\u00e1s produzido da composi\u00e7\u00e3o desses dejetos, no fog\u00e3o\u201d, comenta a orientadora do projeto e docente do\u00a0<em>Campus<\/em>\u00a0Santa In\u00eas, Tharcilla Pessoa.<\/p>\n<p style=\"text-align: justify\">Para demonstrar as potencialidades do uso do biog\u00e1s foram realizados cursos para produtores rurais da regi\u00e3o, com o envolvimento de quase 100 fam\u00edlias. Hoje, apesar da conclus\u00e3o do projeto, o trabalho de conscientiza\u00e7\u00e3o para os benef\u00edcios do uso da tecnologia continuam. \u201cN\u00f3s estamos aqui caminhando pelos assentamentos e pequenas propriedades rurais levando um biodigestor port\u00e1til e incentivando as pessoas a ter esse biodigestor nas propriedades para poder diminuir a contamina\u00e7\u00e3o no meio ambiente e, al\u00e9m disso, ter a economia na utiliza\u00e7\u00e3o do g\u00e1s\u201d, relata a docente.<\/p>\n<p style=\"text-align: justify\">H\u00e1 tamb\u00e9m a previs\u00e3o de oferta de um curso de capacita\u00e7\u00e3o para produtores rurais, na modalidade de Forma\u00e7\u00e3o Inicial e Continuada (FIC), com o objetivo de socializar o procedimento de implanta\u00e7\u00e3o do biodigestor em pequenas propriedades e da utiliza\u00e7\u00e3o de dejetos de origem animal para produ\u00e7\u00e3o do biog\u00e1s e a produ\u00e7\u00e3o do biofertilizante para ser utilizado como adubo.<\/p>\n<p style=\"text-align: justify\">\u2013-<\/p>\n<p style=\"text-align: justify\">O epis\u00f3dio da s\u00e9rie Janelas da Inova\u00e7\u00e3o sobre o projeto vai ao ar nesta quinta-feira, 15, \u00e0s 22h15, no Canal Futura. Os epis\u00f3dios tamb\u00e9m estar\u00e3o dispon\u00edveis no\u00a0<a href=\"http:\/\/www.futuraplay.org\/\" target=\"_blank\">Futura Play<\/a>\u00a0e no\u00a0<a href=\"http:\/\/www.pensegrandedoc.org.br\/\">site do projeto<\/a>.<\/p>\n","protected":false},"excerpt":{"rendered":"<p>Ideia de construir um biodigestor caseiro se transformou em projeto de extens\u00e3o, beneficiando produtores rurais da regi\u00e3o de Santa In\u00eas.<\/p>\n","protected":false},"author":86,"featured_media":11103,"comment_status":"closed","ping_status":"closed","sticky":false,"template":"","format":"standard","meta":[],"categories":[4,5,10,8,57],"tags":[],"_links":{"self":[{"href":"https:\/\/www.ifbaiano.edu.br\/unidades\/santaines\/wp-json\/wp\/v2\/posts\/11101"}],"collection":[{"href":"https:\/\/www.ifbaiano.edu.br\/unidades\/santaines\/wp-json\/wp\/v2\/posts"}],"about":[{"href":"https:\/\/www.ifbaiano.edu.br\/unidades\/santaines\/wp-json\/wp\/v2\/types\/post"}],"author":[{"embeddable":true,"href":"https:\/\/www.ifbaiano.edu.br\/unidades\/santaines\/wp-json\/wp\/v2\/users\/86"}],"replies":[{"embeddable":true,"href":"https:\/\/www.ifbaiano.edu.br\/unidades\/santaines\/wp-json\/wp\/v2\/comments?post=11101"}],"version-history":[{"count":7,"href":"https:\/\/www.ifbaiano.edu.br\/unidades\/santaines\/wp-json\/wp\/v2\/posts\/11101\/revisions"}],"predecessor-version":[{"id":11110,"href":"https:\/\/www.ifbaiano.edu.br\/unidades\/santaines\/wp-json\/wp\/v2\/posts\/11101\/revisions\/11110"}],"wp:featuredmedia":[{"embeddable":true,"href":"https:\/\/www.ifbaiano.edu.br\/unidades\/santaines\/wp-json\/wp\/v2\/media\/11103"}],"wp:attachment":[{"href":"https:\/\/www.ifbaiano.edu.br\/unidades\/santaines\/wp-json\/wp\/v2\/media?parent=11101"}],"wp:term":[{"taxonomy":"category","embeddable":true,"href":"https:\/\/www.ifbaiano.edu.br\/unidades\/santaines\/wp-json\/wp\/v2\/categories?post=11101"},{"taxonomy":"post_tag","embeddable":true,"href":"https:\/\/www.ifbaiano.edu.br\/unidades\/santaines\/wp-json\/wp\/v2\/tags?post=11101"}],"curies":[{"name":"wp","href":"https:\/\/api.w.org\/{rel}","templated":true}]}}