{"id":11112,"date":"2018-11-21T15:38:26","date_gmt":"2018-11-21T18:38:26","guid":{"rendered":"http:\/\/www.ifbaiano.edu.br\/unidades\/santaines\/?p=11112"},"modified":"2018-11-22T10:54:47","modified_gmt":"2018-11-22T13:54:47","slug":"consciencia-negra-belezas-no-plural-exposicao-fotografica","status":"publish","type":"post","link":"https:\/\/www.ifbaiano.edu.br\/unidades\/santaines\/consciencia-negra-belezas-no-plural-exposicao-fotografica\/","title":{"rendered":"Consci\u00eancia Negra: Belezas no Plural &#8211; Exposi\u00e7\u00e3o Fotogr\u00e1fica"},"content":{"rendered":"<hr \/>\n<p style=\"text-align: justify\"><a href=\"http:\/\/www.ifbaiano.edu.br\/unidades\/santaines\/files\/2018\/11\/3f12b5df-0709-4bd1-803e-3a949f435e6e.jpg\"><img decoding=\"async\" loading=\"lazy\" class=\"alignleft size-full wp-image-11125\" src=\"http:\/\/www.ifbaiano.edu.br\/unidades\/santaines\/files\/2018\/11\/3f12b5df-0709-4bd1-803e-3a949f435e6e.jpg\" alt=\"3f12b5df-0709-4bd1-803e-3a949f435e6e\" width=\"1160\" height=\"652\" \/><\/a>&#8220;A exposi\u00e7\u00e3o fotogr\u00e1fica, intitulada CONSCI\u00caNCIA NEGRA: BELEZAS NO PLURAL, surgiu com o intuito de valorizar a beleza de mulheres e homens negros e enaltecer os diferentes tipos de beleza, visando o protagonismo e empoderamento. O projeto fotogr\u00e1fico traz uma s\u00e9rie de retratos, composta por fotos em tamanho A3, de pessoas negras do corpo docente, discente, t\u00e9cnico e terceirizado do Instituto Federal Baiano, campus Santa In\u00eas. As fotos da exposi\u00e7\u00e3o foram feitas e selecionadas pela professora e fot\u00f3grafa Dolores Assaritti, com o apoio e participa\u00e7\u00e3o dos integrantes do NEABI\/IBAIANO, Cleomar Cabral, Ivo Ferreira e Hildon Carade. A exposi\u00e7\u00e3o, ent\u00e3o, convida a todas e todos a perceberem as diversas formas de beleza negra&#8221;.<\/p>\n\n\t\t<style type=\"text\/css\">\n\t\t\t#gallery-1 {\n\t\t\t\tmargin: auto;\n\t\t\t}\n\t\t\t#gallery-1 .gallery-item {\n\t\t\t\tfloat: left;\n\t\t\t\tmargin-top: 10px;\n\t\t\t\ttext-align: center;\n\t\t\t\twidth: 50%;\n\t\t\t}\n\t\t\t#gallery-1 img {\n\t\t\t\tborder: 2px solid #cfcfcf;\n\t\t\t}\n\t\t\t#gallery-1 .gallery-caption {\n\t\t\t\tmargin-left: 0;\n\t\t\t}\n\t\t\t\/* see gallery_shortcode() in wp-includes\/media.php *\/\n\t\t<\/style>\n\t\t<div id='gallery-1' class='gallery galleryid-11112 gallery-columns-2 gallery-size-large'><dl class='gallery-item'>\n\t\t\t<dt class='gallery-icon landscape'>\n\t\t\t\t<img width=\"1024\" height=\"576\" src=\"https:\/\/www.ifbaiano.edu.br\/unidades\/santaines\/files\/2018\/11\/0ce17770-64f2-4c57-8f30-5d2fe0bfdfea.jpg\" class=\"attachment-large size-large\" alt=\"\" decoding=\"async\" loading=\"lazy\" \/>\n\t\t\t<\/dt><\/dl><dl class='gallery-item'>\n\t\t\t<dt class='gallery-icon landscape'>\n\t\t\t\t<img width=\"1024\" height=\"576\" src=\"https:\/\/www.ifbaiano.edu.br\/unidades\/santaines\/files\/2018\/11\/bcdf75a4-963d-407b-b80f-af57ed5ca33c.jpg\" class=\"attachment-large size-large\" alt=\"\" decoding=\"async\" loading=\"lazy\" \/>\n\t\t\t<\/dt><\/dl><br style=\"clear: both\" \/><dl class='gallery-item'>\n\t\t\t<dt class='gallery-icon landscape'>\n\t\t\t\t<img width=\"1024\" height=\"683\" src=\"https:\/\/www.ifbaiano.edu.br\/unidades\/santaines\/files\/2018\/11\/Servidoras.jpg\" class=\"attachment-large size-large\" alt=\"\" decoding=\"async\" loading=\"lazy\" \/>\n\t\t\t<\/dt><\/dl><dl class='gallery-item'>\n\t\t\t<dt class='gallery-icon landscape'>\n\t\t\t\t<img width=\"1024\" height=\"684\" src=\"https:\/\/www.ifbaiano.edu.br\/unidades\/santaines\/files\/2018\/11\/Alunos.jpg\" class=\"attachment-large size-large\" alt=\"\" decoding=\"async\" loading=\"lazy\" \/>\n\t\t\t<\/dt><\/dl><br style=\"clear: both\" \/><dl class='gallery-item'>\n\t\t\t<dt class='gallery-icon landscape'>\n\t\t\t\t<img width=\"1024\" height=\"577\" src=\"https:\/\/www.ifbaiano.edu.br\/unidades\/santaines\/files\/2018\/11\/Servidores.jpg\" class=\"attachment-large size-large\" alt=\"\" decoding=\"async\" loading=\"lazy\" \/>\n\t\t\t<\/dt><\/dl><dl class='gallery-item'>\n\t\t\t<dt class='gallery-icon landscape'>\n\t\t\t\t<img width=\"1024\" height=\"683\" src=\"https:\/\/www.ifbaiano.edu.br\/unidades\/santaines\/files\/2018\/11\/Aluna2.jpg\" class=\"attachment-large size-large\" alt=\"\" decoding=\"async\" loading=\"lazy\" \/>\n\t\t\t<\/dt><\/dl><br style=\"clear: both\" \/><dl class='gallery-item'>\n\t\t\t<dt class='gallery-icon landscape'>\n\t\t\t\t<img width=\"1024\" height=\"683\" src=\"https:\/\/www.ifbaiano.edu.br\/unidades\/santaines\/files\/2018\/11\/Aluna.jpg\" class=\"attachment-large size-large\" alt=\"\" decoding=\"async\" loading=\"lazy\" \/>\n\t\t\t<\/dt><\/dl><dl class='gallery-item'>\n\t\t\t<dt class='gallery-icon landscape'>\n\t\t\t\t<img width=\"1024\" height=\"683\" src=\"https:\/\/www.ifbaiano.edu.br\/unidades\/santaines\/files\/2018\/11\/Aluno1.jpg\" class=\"attachment-large size-large\" alt=\"\" decoding=\"async\" loading=\"lazy\" \/>\n\t\t\t<\/dt><\/dl><br style=\"clear: both\" \/><dl class='gallery-item'>\n\t\t\t<dt class='gallery-icon landscape'>\n\t\t\t\t<img width=\"1024\" height=\"683\" src=\"https:\/\/www.ifbaiano.edu.br\/unidades\/santaines\/files\/2018\/11\/Aluna-1.jpg\" class=\"attachment-large size-large\" alt=\"\" decoding=\"async\" loading=\"lazy\" \/>\n\t\t\t<\/dt><\/dl><dl class='gallery-item'>\n\t\t\t<dt class='gallery-icon landscape'>\n\t\t\t\t<img width=\"1024\" height=\"682\" src=\"https:\/\/www.ifbaiano.edu.br\/unidades\/santaines\/files\/2018\/11\/Mirele.jpg\" class=\"attachment-large size-large\" alt=\"\" decoding=\"async\" loading=\"lazy\" \/>\n\t\t\t<\/dt><\/dl><br style=\"clear: both\" \/><dl class='gallery-item'>\n\t\t\t<dt class='gallery-icon landscape'>\n\t\t\t\t<img width=\"1024\" height=\"683\" src=\"https:\/\/www.ifbaiano.edu.br\/unidades\/santaines\/files\/2018\/11\/Edison.jpg\" class=\"attachment-large size-large\" alt=\"\" decoding=\"async\" loading=\"lazy\" \/>\n\t\t\t<\/dt><\/dl><dl class='gallery-item'>\n\t\t\t<dt class='gallery-icon landscape'>\n\t\t\t\t<img width=\"1024\" height=\"684\" src=\"https:\/\/www.ifbaiano.edu.br\/unidades\/santaines\/files\/2018\/11\/Marisa.jpg\" class=\"attachment-large size-large\" alt=\"\" decoding=\"async\" loading=\"lazy\" \/>\n\t\t\t<\/dt><\/dl><br style=\"clear: both\" \/><dl class='gallery-item'>\n\t\t\t<dt class='gallery-icon landscape'>\n\t\t\t\t<img width=\"1024\" height=\"683\" src=\"https:\/\/www.ifbaiano.edu.br\/unidades\/santaines\/files\/2018\/11\/Kleber.jpg\" class=\"attachment-large size-large\" alt=\"\" decoding=\"async\" loading=\"lazy\" \/>\n\t\t\t<\/dt><\/dl><dl class='gallery-item'>\n\t\t\t<dt class='gallery-icon landscape'>\n\t\t\t\t<img width=\"1024\" height=\"683\" src=\"https:\/\/www.ifbaiano.edu.br\/unidades\/santaines\/files\/2018\/11\/Pretinha.jpg\" class=\"attachment-large size-large\" alt=\"\" decoding=\"async\" loading=\"lazy\" \/>\n\t\t\t<\/dt><\/dl><br style=\"clear: both\" \/><dl class='gallery-item'>\n\t\t\t<dt class='gallery-icon landscape'>\n\t\t\t\t<img width=\"1024\" height=\"683\" src=\"https:\/\/www.ifbaiano.edu.br\/unidades\/santaines\/files\/2018\/11\/Valmir.jpg\" class=\"attachment-large size-large\" alt=\"\" decoding=\"async\" loading=\"lazy\" \/>\n\t\t\t<\/dt><\/dl><dl class='gallery-item'>\n\t\t\t<dt class='gallery-icon landscape'>\n\t\t\t\t<img width=\"1024\" height=\"683\" src=\"https:\/\/www.ifbaiano.edu.br\/unidades\/santaines\/files\/2018\/11\/Ana-Luiza.jpg\" class=\"attachment-large size-large\" alt=\"\" decoding=\"async\" loading=\"lazy\" \/>\n\t\t\t<\/dt><\/dl><br style=\"clear: both\" \/>\n\t\t<\/div>\n\n<hr \/>\n","protected":false},"excerpt":{"rendered":"<p>Exposi\u00e7\u00e3o Fotogr\u00e1fica com a comunidade do IF Baiano Campus Santa In\u00eas.<\/p>\n","protected":false},"author":86,"featured_media":11124,"comment_status":"closed","ping_status":"closed","sticky":false,"template":"","format":"standard","meta":[],"categories":[4,5,37,10,57],"tags":[],"_links":{"self":[{"href":"https:\/\/www.ifbaiano.edu.br\/unidades\/santaines\/wp-json\/wp\/v2\/posts\/11112"}],"collection":[{"href":"https:\/\/www.ifbaiano.edu.br\/unidades\/santaines\/wp-json\/wp\/v2\/posts"}],"about":[{"href":"https:\/\/www.ifbaiano.edu.br\/unidades\/santaines\/wp-json\/wp\/v2\/types\/post"}],"author":[{"embeddable":true,"href":"https:\/\/www.ifbaiano.edu.br\/unidades\/santaines\/wp-json\/wp\/v2\/users\/86"}],"replies":[{"embeddable":true,"href":"https:\/\/www.ifbaiano.edu.br\/unidades\/santaines\/wp-json\/wp\/v2\/comments?post=11112"}],"version-history":[{"count":12,"href":"https:\/\/www.ifbaiano.edu.br\/unidades\/santaines\/wp-json\/wp\/v2\/posts\/11112\/revisions"}],"predecessor-version":[{"id":11166,"href":"https:\/\/www.ifbaiano.edu.br\/unidades\/santaines\/wp-json\/wp\/v2\/posts\/11112\/revisions\/11166"}],"wp:featuredmedia":[{"embeddable":true,"href":"https:\/\/www.ifbaiano.edu.br\/unidades\/santaines\/wp-json\/wp\/v2\/media\/11124"}],"wp:attachment":[{"href":"https:\/\/www.ifbaiano.edu.br\/unidades\/santaines\/wp-json\/wp\/v2\/media?parent=11112"}],"wp:term":[{"taxonomy":"category","embeddable":true,"href":"https:\/\/www.ifbaiano.edu.br\/unidades\/santaines\/wp-json\/wp\/v2\/categories?post=11112"},{"taxonomy":"post_tag","embeddable":true,"href":"https:\/\/www.ifbaiano.edu.br\/unidades\/santaines\/wp-json\/wp\/v2\/tags?post=11112"}],"curies":[{"name":"wp","href":"https:\/\/api.w.org\/{rel}","templated":true}]}}