{"id":11148,"date":"2018-11-22T10:42:05","date_gmt":"2018-11-22T13:42:05","guid":{"rendered":"http:\/\/www.ifbaiano.edu.br\/unidades\/santaines\/?p=11148"},"modified":"2018-11-26T13:29:32","modified_gmt":"2018-11-26T16:29:32","slug":"acontece-no-proximo-sabado-24-no-campus-santa-ines-a-i-edicao-da-operacao-beija-flor-do-ano-letivo-2018","status":"publish","type":"post","link":"https:\/\/www.ifbaiano.edu.br\/unidades\/santaines\/acontece-no-proximo-sabado-24-no-campus-santa-ines-a-i-edicao-da-operacao-beija-flor-do-ano-letivo-2018\/","title":{"rendered":"Acontece no pr\u00f3ximo s\u00e1bado (24), no Campus Santa In\u00eas, a I Edi\u00e7\u00e3o da Opera\u00e7\u00e3o Beija-Flor do Ano Letivo 2018"},"content":{"rendered":"<p align=\"justify\"><span style=\"color: #000000\"><span style=\"font-family: Arial, sans-serif\"><span style=\"font-size: medium\"><a href=\"http:\/\/www.ifbaiano.edu.br\/unidades\/santaines\/files\/2018\/11\/IMG_8519.jpeg\"><img decoding=\"async\" loading=\"lazy\" class=\"alignnone wp-image-11154 size-full\" src=\"http:\/\/www.ifbaiano.edu.br\/unidades\/santaines\/files\/2018\/11\/IMG_8519.jpeg\" alt=\"IMG_8519\" width=\"4752\" height=\"3168\" \/><\/a><\/span><\/span><\/span><\/p>\n<p align=\"justify\"><a name=\"OBJ_PREFIX_DWT83_com_zimbra_date\"><\/a><a name=\"OBJ_PREFIX_DWT90_com_zimbra_date\"><\/a> <span style=\"color: #000000\"><span style=\"font-family: 'Times New Roman', serif\"><span style=\"font-size: medium\">Acontece no IF Baiano Campus Santa In\u00eas, no pr\u00f3ximo s\u00e1bado (24), a I Edi\u00e7\u00e3o da <b>Opera\u00e7\u00e3o Beija-flor<\/b> do Ano Letivo 2018. As atividades envolvem todas as turmas dos Cursos T\u00e9cnicos Integrados (Agropecu\u00e1ria, Alimentos e Zootecnia).<\/span><\/span><\/span><\/p>\n<p align=\"justify\"><span style=\"color: #000000\"><span style=\"font-family: 'Times New Roman', serif\"><span style=\"font-size: medium\">O projeto Beija-flor tem por objetivo a coleta dos res\u00edduos s\u00f3lidos descartados de forma inadequada nas \u00e1reas verdes do Campus. A ideia surgiu de uma discuss\u00e3o em sala de aula da disciplina Gest\u00e3o de Res\u00edduos S\u00f3lidos do curso T\u00e9cnico em Alimentos e teve como motivador o fato de buscar reduzir os focos de prolifera\u00e7\u00e3o do mosquito <i>Aedes aegypti<\/i>. <\/span><\/span><\/span><\/p>\n<p align=\"justify\"><span style=\"color: #000000\"><span style=\"font-family: 'Times New Roman', serif\"><span style=\"font-size: medium\">O projeto teve ades\u00e3o de outras turmas e se tornou uma atividade incorporada ao Planejamento Pedag\u00f3gico do Campus. Este ano (2018) o Projeto completa 4 anos sendo duas ou tr\u00eas edi\u00e7\u00f5es anuais. Os resultados da atividade, que se constitui em uma a\u00e7\u00e3o de Educa\u00e7\u00e3o Ambiental, s\u00e3o percebidos na redu\u00e7\u00e3o do volume de res\u00edduos coletados nas edi\u00e7\u00f5es finais de cada ano em rela\u00e7\u00e3o a primeira coleta e nas a\u00e7\u00f5es resultantes da atividade que, al\u00e9m de coletar os res\u00edduos, promove o plantio de mudas, exibi\u00e7\u00e3o de v\u00eddeos e discuss\u00f5es sobre temas ambientais como a redu\u00e7\u00e3o da gera\u00e7\u00e3o de res\u00edduos no \u00e2mbito da institui\u00e7\u00e3o. <\/span><\/span><\/span><\/p>\n<p align=\"justify\"><span style=\"color: #000000\"><span style=\"font-family: 'Times New Roman', serif\"><span style=\"font-size: medium\"> Assim, s\u00e3o resultados da Opera\u00e7\u00e3o Beija Flor: <\/span><\/span><\/span><\/p>\n<ul>\n<li>\n<p align=\"justify\"><span style=\"font-family: 'Times New Roman', serif\"><span style=\"color: #000000\"><span style=\"font-size: medium\">Um<\/span><\/span><span style=\"color: #000000\"><span style=\"font-size: medium\"> grupo de estudos <\/span><\/span><span style=\"color: #000000\"><span style=\"font-size: medium\"><b>\u201cReflorestar\u201d<\/b><\/span><\/span><span style=\"color: #000000\"><span style=\"font-size: medium\"> que trabalha na produ\u00e7\u00e3o de mudas e plantio para recupera\u00e7\u00e3o de \u00e1reas dentro do <\/span><\/span><span style=\"color: #000000\"><span style=\"font-size: medium\">C<\/span><\/span><span style=\"color: #000000\"><span style=\"font-size: medium\">ampus;<\/span><\/span><\/span><\/p>\n<\/li>\n<li>\n<p align=\"justify\"><span style=\"font-family: 'Times New Roman', serif\"><span style=\"color: #000000\"><span style=\"font-size: medium\">Economicidade de copos descart\u00e1veis no Campus, <\/span><\/span><span style=\"color: #000000\"><span style=\"font-size: medium\">uma vez que, <\/span><\/span><span style=\"color: #000000\"><span style=\"font-size: medium\">por iniciativa dos pr\u00f3prios estudantes <\/span><\/span><span style=\"color: #000000\"><span style=\"font-size: medium\">(<\/span><\/span><span style=\"color: #000000\"><span style=\"font-size: medium\">a partir de uma discuss\u00e3o p\u00f3s realiza\u00e7\u00e3o de uma das edi\u00e7\u00f5es da Opera\u00e7\u00e3o Beija-flor<\/span><\/span><span style=\"color: #000000\"><span style=\"font-size: medium\">)<\/span><\/span> <span style=\"color: #000000\"><span style=\"font-size: medium\">decidiu-se pela re<\/span><\/span><span style=\"color: #000000\"><span style=\"font-size: medium\">tirada da oferta de copos descart\u00e1veis do refeit\u00f3rio<\/span><\/span><span style=\"color: #000000\"><span style=\"font-size: medium\">.<\/span><\/span> <span style=\"color: #000000\"><span style=\"font-size: medium\">A partir de ent\u00e3o, c<\/span><\/span><span style=\"color: #000000\"><span style=\"font-size: medium\">ada estudante leva seu cop<\/span><\/span><span style=\"color: #000000\"><span style=\"font-size: medium\">o.<\/span><\/span><\/span><\/p>\n<\/li>\n<\/ul>\n\n\t\t<style type=\"text\/css\">\n\t\t\t#gallery-1 {\n\t\t\t\tmargin: auto;\n\t\t\t}\n\t\t\t#gallery-1 .gallery-item {\n\t\t\t\tfloat: left;\n\t\t\t\tmargin-top: 10px;\n\t\t\t\ttext-align: center;\n\t\t\t\twidth: 33%;\n\t\t\t}\n\t\t\t#gallery-1 img {\n\t\t\t\tborder: 2px solid #cfcfcf;\n\t\t\t}\n\t\t\t#gallery-1 .gallery-caption {\n\t\t\t\tmargin-left: 0;\n\t\t\t}\n\t\t\t\/* see gallery_shortcode() in wp-includes\/media.php *\/\n\t\t<\/style>\n\t\t<div id='gallery-1' class='gallery galleryid-11148 gallery-columns-3 gallery-size-large'><dl class='gallery-item'>\n\t\t\t<dt class='gallery-icon landscape'>\n\t\t\t\t<img width=\"1024\" height=\"683\" src=\"https:\/\/www.ifbaiano.edu.br\/unidades\/santaines\/files\/2018\/11\/2.jpg\" class=\"attachment-large size-large\" alt=\"\" decoding=\"async\" loading=\"lazy\" \/>\n\t\t\t<\/dt><\/dl><dl class='gallery-item'>\n\t\t\t<dt class='gallery-icon landscape'>\n\t\t\t\t<img width=\"1024\" height=\"683\" src=\"https:\/\/www.ifbaiano.edu.br\/unidades\/santaines\/files\/2018\/11\/4.jpg\" class=\"attachment-large size-large\" alt=\"\" decoding=\"async\" loading=\"lazy\" \/>\n\t\t\t<\/dt><\/dl><dl class='gallery-item'>\n\t\t\t<dt class='gallery-icon landscape'>\n\t\t\t\t<img width=\"1024\" height=\"683\" src=\"https:\/\/www.ifbaiano.edu.br\/unidades\/santaines\/files\/2018\/11\/IMG_8553.jpeg\" class=\"attachment-large size-large\" alt=\"\" decoding=\"async\" loading=\"lazy\" \/>\n\t\t\t<\/dt><\/dl><br style=\"clear: both\" \/>\n\t\t<\/div>\n\n<p align=\"justify\"><a name=\"OBJ_PREFIX_DWT92_com_zimbra_date\"><\/a><a name=\"OBJ_PREFIX_DWT85_com_zimbra_date\"><\/a> <span style=\"font-family: 'Times New Roman', serif\"> <span style=\"color: #000000\"><span style=\"font-size: medium\">D<\/span><\/span><span style=\"color: #000000\"><span style=\"font-size: medium\">essa forma, d<\/span><\/span><span style=\"color: #000000\"><span style=\"font-size: medium\">ando continuidade \u00e0s a\u00e7\u00f5es <\/span><\/span><span style=\"color: #000000\"><span style=\"font-size: medium\">do Projeto<\/span><\/span><span style=\"color: #000000\"><span style=\"font-size: medium\">, no pr\u00f3ximo s\u00e1bado <\/span><\/span><span style=\"color: #000000\"><span style=\"font-size: medium\">acontece mais uma <\/span><\/span><span style=\"color: #000000\"><span style=\"font-size: medium\">edi\u00e7\u00e3o do projeto<\/span><\/span><span style=\"color: #000000\"><span style=\"font-size: medium\">. I<\/span><\/span><span style=\"color: #000000\"><span style=\"font-size: medium\">nicialmente, na \u00e1rea externa da biblioteca, um encontro das turmas de estudantes do Campus,<\/span><\/span><span style=\"color: #000000\"><span style=\"font-size: medium\"> onde <\/span><\/span><span style=\"color: #000000\"><span style=\"font-size: medium\">estes<\/span><\/span><span style=\"color: #000000\"><span style=\"font-size: medium\">, acompanhados de um docente, ser\u00e3o encaminhados para a coleta dos res\u00edduos <\/span><\/span><span style=\"color: #000000\"><span style=\"font-size: medium\">s<\/span><\/span><span style=\"color: #000000\"><span style=\"font-size: medium\">\u00f3lidos, descartados de forma inadequada nos ambientes externos da Institui\u00e7\u00e3o. Na sequ<\/span><\/span><span style=\"color: #000000\"><span style=\"font-size: medium\">\u00ea<\/span><\/span><span style=\"color: #000000\"><span style=\"font-size: medium\">ncia, <\/span><\/span><span style=\"color: #000000\"><span style=\"font-size: medium\">haver\u00e1 a realiza\u00e7\u00e3o do <\/span><\/span><span style=\"color: #000000\"><span style=\"font-size: medium\"><b>\u201c<\/b><\/span><\/span><span style=\"color: #000000\"><span style=\"font-size: medium\"><b>S\u00e1bado <\/b><\/span><\/span><span style=\"color: #000000\"><span style=\"font-size: medium\"><b>Verde\u201d<\/b><\/span><\/span><span style=\"color: #000000\"><span style=\"font-size: medium\"> que consiste na exibi\u00e7\u00e3o de v\u00eddeos do Projeto Circuito Tela Verde, do Minist\u00e9rio do Meio Ambiente.<\/span><\/span><\/span><\/p>\n<p align=\"justify\"><span style=\"color: #000000\"><span style=\"font-family: 'Times New Roman', serif\"><span style=\"font-size: medium\">Os estudantes s\u00e3o orientados a usar: Obrigatoriamente: sapato fechado, cal\u00e7a e camisa da farda. Opcional: bon\u00e9, protetor solar, camisa de manga. Na hora da coleta ser\u00e3o entregues sacos de lixo e luvas.<\/span><\/span><\/span><\/p>\n<p align=\"justify\"><span style=\"color: #000000\"><span style=\"font-family: 'Times New Roman', serif\"><span style=\"font-size: medium\">O cronograma seguido ser\u00e1:<\/span><\/span><\/span><\/p>\n<p align=\"justify\"><span style=\"color: #000000\"><span style=\"font-family: 'Times New Roman', serif\"><span style=\"font-size: medium\">07h30min &#8211; Acolhimento de cada turma pelo docente respons\u00e1vel para distribui\u00e7\u00e3o de material da coleta;<\/span><\/span><\/span><\/p>\n<p align=\"justify\"><span style=\"color: #000000\"><span style=\"font-family: 'Times New Roman', serif\"><span style=\"font-size: medium\">08h &#8211; Sa\u00edda para coleta seguindo distribui\u00e7\u00e3o posteriormente indicada<span style=\"color: #ff3333\">;<\/span><\/span><\/span><\/span><\/p>\n<p align=\"justify\"><span style=\"color: #000000\"><span style=\"font-family: 'Times New Roman', serif\"><span style=\"font-size: medium\">09h &#8211; Retorno a \u00e1rea em frente ao pr\u00e9dio da Biblioteca para disposi\u00e7\u00e3o do material coletado;<\/span><\/span><\/span><\/p>\n<p align=\"justify\"><a name=\"OBJ_PREFIX_DWT93_com_zimbra_date\"><\/a><a name=\"OBJ_PREFIX_DWT86_com_zimbra_date\"><\/a> <span style=\"color: #000000\"><span style=\"font-family: 'Times New Roman', serif\"><span style=\"font-size: medium\">09h20min &#8211; Inicio do S\u00e1bado Verde.<\/span><\/span><\/span><\/p>\n<p align=\"justify\"><span style=\"color: #000000\"><span style=\"font-family: 'Times New Roman', serif\"><span style=\"font-size: medium\">11h30min &#8211; Encerramento das atividades.<\/span><\/span><\/span><\/p>\n<hr \/>\n<p align=\"justify\">\n","protected":false},"excerpt":{"rendered":"<p>As atividades envolvem todas as turmas dos Cursos T\u00e9cnicos Integrados (Agropecu\u00e1ria, Alimentos e Zootecnia).<\/p>\n","protected":false},"author":86,"featured_media":11151,"comment_status":"closed","ping_status":"closed","sticky":false,"template":"","format":"standard","meta":[],"categories":[4,13,5,10,57],"tags":[],"_links":{"self":[{"href":"https:\/\/www.ifbaiano.edu.br\/unidades\/santaines\/wp-json\/wp\/v2\/posts\/11148"}],"collection":[{"href":"https:\/\/www.ifbaiano.edu.br\/unidades\/santaines\/wp-json\/wp\/v2\/posts"}],"about":[{"href":"https:\/\/www.ifbaiano.edu.br\/unidades\/santaines\/wp-json\/wp\/v2\/types\/post"}],"author":[{"embeddable":true,"href":"https:\/\/www.ifbaiano.edu.br\/unidades\/santaines\/wp-json\/wp\/v2\/users\/86"}],"replies":[{"embeddable":true,"href":"https:\/\/www.ifbaiano.edu.br\/unidades\/santaines\/wp-json\/wp\/v2\/comments?post=11148"}],"version-history":[{"count":10,"href":"https:\/\/www.ifbaiano.edu.br\/unidades\/santaines\/wp-json\/wp\/v2\/posts\/11148\/revisions"}],"predecessor-version":[{"id":11165,"href":"https:\/\/www.ifbaiano.edu.br\/unidades\/santaines\/wp-json\/wp\/v2\/posts\/11148\/revisions\/11165"}],"wp:featuredmedia":[{"embeddable":true,"href":"https:\/\/www.ifbaiano.edu.br\/unidades\/santaines\/wp-json\/wp\/v2\/media\/11151"}],"wp:attachment":[{"href":"https:\/\/www.ifbaiano.edu.br\/unidades\/santaines\/wp-json\/wp\/v2\/media?parent=11148"}],"wp:term":[{"taxonomy":"category","embeddable":true,"href":"https:\/\/www.ifbaiano.edu.br\/unidades\/santaines\/wp-json\/wp\/v2\/categories?post=11148"},{"taxonomy":"post_tag","embeddable":true,"href":"https:\/\/www.ifbaiano.edu.br\/unidades\/santaines\/wp-json\/wp\/v2\/tags?post=11148"}],"curies":[{"name":"wp","href":"https:\/\/api.w.org\/{rel}","templated":true}]}}