{"id":11167,"date":"2018-12-12T12:00:43","date_gmt":"2018-12-12T15:00:43","guid":{"rendered":"http:\/\/www.ifbaiano.edu.br\/unidades\/santaines\/?p=11167"},"modified":"2018-12-19T13:08:19","modified_gmt":"2018-12-19T16:08:19","slug":"processo-para-ingresso-de-estudantes-em-2018-2-nos-cursos-de-graduacao-para-o-campus-santa-ines","status":"publish","type":"post","link":"https:\/\/www.ifbaiano.edu.br\/unidades\/santaines\/processo-para-ingresso-de-estudantes-em-2018-2-nos-cursos-de-graduacao-para-o-campus-santa-ines\/","title":{"rendered":"Ingresso de estudantes nos cursos de Gradua\u00e7\u00e3o"},"content":{"rendered":"<hr \/>\n<p align=\"justify\"><span style=\"color: #000000\"><span style=\"font-family: 'Times New Roman', serif\"><span style=\"font-size: medium\">A inscri\u00e7\u00e3o neste Processo Seletivo dar-se-\u00e1 presencial ou via Internet, atrav\u00e9s do e-mail eletr\u00f4nico: vagas.graduacao@si.ifbaiano.edu.br, no per\u00edodo de\u00a0<b>03\u00a0a 07 de\u00a0dezembro de 2018, at\u00e9 \u00e0s 17h.\u00a0<\/b>Ap\u00f3s este hor\u00e1rio n\u00e3o ser\u00e3o aceitas novas inscri\u00e7\u00f5es online.<\/span><\/span><\/span><\/p>\n<p align=\"justify\"><span style=\"color: #000000\"><span style=\"font-family: 'Times New Roman', serif\"><span style=\"font-size: medium\">Ser\u00e3o ofertadas:<\/span><\/span><\/span><\/p>\n<ul>\n<li>\n<p align=\"justify\"><span style=\"color: #000000\"><span style=\"font-family: 'Times New Roman', serif\"><span style=\"font-size: medium\">25 vagas para o curso de Bacharelado em Zootecnia;<\/span><\/span><\/span><\/p>\n<\/li>\n<li>\n<p align=\"justify\"><span style=\"color: #000000\"><span style=\"font-family: 'Times New Roman', serif\"><span style=\"font-size: medium\">7 vagas no curso de Licenciatura em Ci\u00eancias Biol\u00f3gicas e;<\/span><\/span><\/span><\/p>\n<\/li>\n<li>\n<p align=\"justify\"><span style=\"color: #000000\"><span style=\"font-family: 'Times New Roman', serif\"><span style=\"font-size: medium\">09 vagas no curso de Licenciatura em Geografia.<\/span><\/span><\/span><\/p>\n<\/li>\n<\/ul>\n<p align=\"justify\"><span style=\"color: #000000\"><span style=\"font-family: 'Times New Roman', serif\"><span style=\"font-size: medium\">As inscri\u00e7\u00f5es para participar deste Processo Seletivo ser\u00e3o isentas de taxas de inscri\u00e7\u00e3o e ocorrer\u00e1 por meio de tr\u00eas sistemas de vagas: Ampla Concorr\u00eancia (25%), Reserva de Vagas para estudantes oriundos de Escolas P\u00fablicas (70%) e Reserva de Vagas para Pessoas com Defici\u00eancia (5%).<\/span><\/span><\/span><\/p>\n<p align=\"justify\"><span style=\"color: #000000\"><span style=\"font-family: 'Times New Roman', serif\"><span style=\"font-size: medium\">O candidato, no ato da inscri\u00e7\u00e3o, dever\u00e1 indicar o tipo de vaga, se Ampla Concorr\u00eancia, estudante oriundo de Escolas P\u00fablicas ou Pessoa com Defici\u00eancia.<\/span><\/span><\/span><\/p>\n<p align=\"justify\"><span style=\"color: #000000\"><span style=\"font-family: 'Times New Roman', serif\"><span style=\"font-size: medium\">Os candidatos dever\u00e3o ter conclu\u00eddo o Ensino M\u00e9dio ou equivalente at\u00e9 a data da matr\u00edcula.<\/span><\/span><\/span><\/p>\n<p align=\"justify\"><span style=\"color: #000000\"><span style=\"font-family: 'Times New Roman', serif\"><span style=\"font-size: medium\">Todas as informa\u00e7\u00f5es referentes a este Processo Seletivo est\u00e3o dispon\u00edveis\u00a0<\/span><\/span><strong><a style=\"color: #000000\" href=\"http:\/\/concurso.ifbaiano.edu.br\/portal\/vagas-remanescentes-santa-ines-novembro-2018\/\"><span style=\"font-family: 'Times New Roman', serif\"><span style=\"font-size: medium\"><b>AQUI<\/b><\/span><\/span><\/a><\/strong><span style=\"font-family: 'Times New Roman', serif\"><span style=\"font-size: medium\">.<\/span><\/span><\/span><\/p>\n<p align=\"justify\"><span style=\"color: #000000\"><span style=\"font-family: 'Times New Roman', serif\"><span style=\"font-size: medium\">Sempre que necess\u00e1rio, o N\u00facleo de Ingresso de Estudantes divulgar\u00e1 normas complementares e avisos oficiais sobre o Processo Seletivo IF Baiano 2018.2 no endere\u00e7o eletr\u00f4nico:\u00a0<a style=\"color: #000000\" href=\"http:\/\/www.ifbaiano.edu.br\/unidades\/santaines\/\">ifbaiano.edu.br\/unidade\/santaines<\/a>.<\/span><\/span><\/span><\/p>\n<p align=\"justify\"><a href=\"http:\/\/www.ifbaiano.edu.br\/unidades\/santaines\/files\/2018\/12\/FICHA-DE-INSCRI\u00c7\u00c3O.pdf\"><span style=\"color: #000000\">Veja AQUI a Ficha de Inscri\u00e7\u00e3o<\/span><\/a><\/p>\n<p align=\"justify\"><a href=\"http:\/\/www.ifbaiano.edu.br\/unidades\/santaines\/files\/2018\/12\/Inscri\u00e7\u00f5es-homologadas-Vagas-Remanescentes.pdf\"><span style=\"text-decoration: underline\"><span style=\"color: #000000;text-decoration: underline\">INSCRI\u00c7\u00d5ES HOMOLOGADAS<\/span><\/span><\/a><\/p>\n<p align=\"justify\"><a href=\"http:\/\/www.ifbaiano.edu.br\/unidades\/santaines\/files\/2018\/12\/Resultados-preliminares-VAGAS-REMANESCENTES.pdf\">Resultado Preliminar &#8211;\u00a0Vagas Remanescentes &#8211; Edital 11\/2018\u00a0<\/a><\/p>\n<p align=\"justify\"><a href=\"http:\/\/concurso.ifbaiano.edu.br\/portal\/vagas-remanescentes-santa-ines-novembro-2018\/\"><strong>Resultado Final<\/strong><\/a><\/p>\n<hr \/>\n<p align=\"justify\"><span style=\"font-family: 'Times New Roman', serif;color: #000000\"><span style=\"font-size: medium\">A responsabilidade pela elabora\u00e7\u00e3o, acompanhamento e execu\u00e7\u00e3o das atividades necess\u00e1rias ao bom andamento do processo ser\u00e1 de compet\u00eancia da Comiss\u00e3o de Vagas Remanescente do <i>Campus <\/i>Santa In\u00eas, institu\u00eddo pela Portaria n\u00ba 183, de 22 de Outubro de 2018.<\/span><\/span><\/p>\n<hr \/>\n","protected":false},"excerpt":{"rendered":"<p>As inscri\u00e7\u00f5es acontecem no per\u00edodo de 03 a 07 de dezembro de 2018, at\u00e9 as 17h<\/p>\n","protected":false},"author":86,"featured_media":11257,"comment_status":"closed","ping_status":"closed","sticky":false,"template":"","format":"standard","meta":[],"categories":[4,12,5,6,10,8,57],"tags":[],"_links":{"self":[{"href":"https:\/\/www.ifbaiano.edu.br\/unidades\/santaines\/wp-json\/wp\/v2\/posts\/11167"}],"collection":[{"href":"https:\/\/www.ifbaiano.edu.br\/unidades\/santaines\/wp-json\/wp\/v2\/posts"}],"about":[{"href":"https:\/\/www.ifbaiano.edu.br\/unidades\/santaines\/wp-json\/wp\/v2\/types\/post"}],"author":[{"embeddable":true,"href":"https:\/\/www.ifbaiano.edu.br\/unidades\/santaines\/wp-json\/wp\/v2\/users\/86"}],"replies":[{"embeddable":true,"href":"https:\/\/www.ifbaiano.edu.br\/unidades\/santaines\/wp-json\/wp\/v2\/comments?post=11167"}],"version-history":[{"count":18,"href":"https:\/\/www.ifbaiano.edu.br\/unidades\/santaines\/wp-json\/wp\/v2\/posts\/11167\/revisions"}],"predecessor-version":[{"id":11353,"href":"https:\/\/www.ifbaiano.edu.br\/unidades\/santaines\/wp-json\/wp\/v2\/posts\/11167\/revisions\/11353"}],"wp:featuredmedia":[{"embeddable":true,"href":"https:\/\/www.ifbaiano.edu.br\/unidades\/santaines\/wp-json\/wp\/v2\/media\/11257"}],"wp:attachment":[{"href":"https:\/\/www.ifbaiano.edu.br\/unidades\/santaines\/wp-json\/wp\/v2\/media?parent=11167"}],"wp:term":[{"taxonomy":"category","embeddable":true,"href":"https:\/\/www.ifbaiano.edu.br\/unidades\/santaines\/wp-json\/wp\/v2\/categories?post=11167"},{"taxonomy":"post_tag","embeddable":true,"href":"https:\/\/www.ifbaiano.edu.br\/unidades\/santaines\/wp-json\/wp\/v2\/tags?post=11167"}],"curies":[{"name":"wp","href":"https:\/\/api.w.org\/{rel}","templated":true}]}}