{"id":11177,"date":"2018-12-07T18:19:36","date_gmt":"2018-12-07T21:19:36","guid":{"rendered":"http:\/\/www.ifbaiano.edu.br\/unidades\/santaines\/?p=11177"},"modified":"2018-12-07T17:35:45","modified_gmt":"2018-12-07T20:35:45","slug":"1o-workshop-de-informatica-if-baiano-campus-santa-ines","status":"publish","type":"post","link":"https:\/\/www.ifbaiano.edu.br\/unidades\/santaines\/1o-workshop-de-informatica-if-baiano-campus-santa-ines\/","title":{"rendered":"I Workshop de Inform\u00e1tica &#8211; IF Baiano Campus Santa In\u00eas"},"content":{"rendered":"<hr \/>\n<p style=\"text-align: justify\"><a href=\"http:\/\/www.ifbaiano.edu.br\/unidades\/santaines\/files\/2018\/12\/Imagem3.png\"><img decoding=\"async\" loading=\"lazy\" class=\"alignleft size-full wp-image-11242\" src=\"http:\/\/www.ifbaiano.edu.br\/unidades\/santaines\/files\/2018\/12\/Imagem3.png\" alt=\"Imagem3\" width=\"2010\" height=\"271\" \/><\/a><\/p>\n<p style=\"text-align: justify\">No per\u00edodo de 10 a 12 de dezembro de 2018, ocorrer\u00e1 no Campus Santa In\u00eas O I Workshop de Inform\u00e1tica \u201cO Mundo Conectado\u201d, ofertado pelo Curso Subsequente de Inform\u00e1tica. O evento tem como objetivo oportunizar aos participantes adquirir conhecimentos no mundo da inform\u00e1tica, atrav\u00e9s de palestras, mesas redondas, oficinas e minicursos que ser\u00e3o desenvolvidos ao longo do evento, sob coordena\u00e7\u00e3o de profissionais renomados com vasta experi\u00eancia no mundo da tecnologia digital e no mercado de trabalho.<\/p>\n<p style=\"text-align: justify\">O evento \u00e9 aberto a todas as comunidades da regi\u00e3o. Pessoas que n\u00e3o s\u00e3o estudantes do Campus tamb\u00e9m podem se inscrever, gratuitamente.<\/p>\n<p style=\"text-align: justify\">As inscri\u00e7\u00f5es estar\u00e3o abertas do dia 04 ao dia 07\/12, no per\u00edodo das 08h \u00e0s 17h, na biblioteca do Campus.<\/p>\n<hr \/>\n<p><a href=\"http:\/\/www.ifbaiano.edu.br\/unidades\/santaines\/files\/2018\/12\/I-WORKSHOP-DE-INFORM\u00c1TICA-1.pdf\"><strong>Confira a programa\u00e7\u00e3o AQUI<\/strong><\/a><\/p>\n<hr \/>\n<p>&nbsp;<\/p>\n","protected":false},"excerpt":{"rendered":"<p>O Evento acontece de 10 a 12 de dezembro de 2018 no Campus Santa In\u00eas<\/p>\n","protected":false},"author":86,"featured_media":11178,"comment_status":"closed","ping_status":"closed","sticky":false,"template":"","format":"standard","meta":[],"categories":[4,37,10,1,57],"tags":[],"_links":{"self":[{"href":"https:\/\/www.ifbaiano.edu.br\/unidades\/santaines\/wp-json\/wp\/v2\/posts\/11177"}],"collection":[{"href":"https:\/\/www.ifbaiano.edu.br\/unidades\/santaines\/wp-json\/wp\/v2\/posts"}],"about":[{"href":"https:\/\/www.ifbaiano.edu.br\/unidades\/santaines\/wp-json\/wp\/v2\/types\/post"}],"author":[{"embeddable":true,"href":"https:\/\/www.ifbaiano.edu.br\/unidades\/santaines\/wp-json\/wp\/v2\/users\/86"}],"replies":[{"embeddable":true,"href":"https:\/\/www.ifbaiano.edu.br\/unidades\/santaines\/wp-json\/wp\/v2\/comments?post=11177"}],"version-history":[{"count":19,"href":"https:\/\/www.ifbaiano.edu.br\/unidades\/santaines\/wp-json\/wp\/v2\/posts\/11177\/revisions"}],"predecessor-version":[{"id":11279,"href":"https:\/\/www.ifbaiano.edu.br\/unidades\/santaines\/wp-json\/wp\/v2\/posts\/11177\/revisions\/11279"}],"wp:featuredmedia":[{"embeddable":true,"href":"https:\/\/www.ifbaiano.edu.br\/unidades\/santaines\/wp-json\/wp\/v2\/media\/11178"}],"wp:attachment":[{"href":"https:\/\/www.ifbaiano.edu.br\/unidades\/santaines\/wp-json\/wp\/v2\/media?parent=11177"}],"wp:term":[{"taxonomy":"category","embeddable":true,"href":"https:\/\/www.ifbaiano.edu.br\/unidades\/santaines\/wp-json\/wp\/v2\/categories?post=11177"},{"taxonomy":"post_tag","embeddable":true,"href":"https:\/\/www.ifbaiano.edu.br\/unidades\/santaines\/wp-json\/wp\/v2\/tags?post=11177"}],"curies":[{"name":"wp","href":"https:\/\/api.w.org\/{rel}","templated":true}]}}