{"id":11210,"date":"2018-12-01T19:48:49","date_gmt":"2018-12-01T22:48:49","guid":{"rendered":"http:\/\/www.ifbaiano.edu.br\/unidades\/santaines\/?p=11210"},"modified":"2018-12-01T19:48:49","modified_gmt":"2018-12-01T22:48:49","slug":"i-mostra-de-microbiologia-estrategias-pedagogicas-utilizadas-no-curso-tecnico-de-alimentos","status":"publish","type":"post","link":"https:\/\/www.ifbaiano.edu.br\/unidades\/santaines\/i-mostra-de-microbiologia-estrategias-pedagogicas-utilizadas-no-curso-tecnico-de-alimentos\/","title":{"rendered":"I Mostra de Microbiologia &#8211; Estrat\u00e9gias Pedag\u00f3gicas Utilizadas no Curso T\u00e9cnico de Alimentos"},"content":{"rendered":"<hr \/>\n<p style=\"text-align: justify\">No dia 01 de dezembro de 2018, aconteceu no IF Baiano Campus Santa In\u00eas a &#8220;I Mostra de Microbiologia&#8221; &#8211; Estrat\u00e9gias pedag\u00f3gicas utilizadas no Curso T\u00e9cnico de Alimentos.<br \/>\nO evento teve como finalidade promover e divulgar as estrat\u00e9gias pedag\u00f3gicas contempor\u00e2neas utilizadas nos componentes curriculares Microbiologia Geral e Biologia para que os discentes aprendam os conte\u00fados ministrados consolidando sua forma\u00e7\u00e3o com qualidade, a partir de reflex\u00f5es e a\u00e7\u00f5es sobre os temas abordados.<br \/>\nA I Mostra de Microbiologia, teve em sua programa\u00e7\u00e3o, apresenta\u00e7\u00f5es em formato de p\u00f4ster, apresenta\u00e7\u00f5es orais, Jogos did\u00e1ticos e um concurso entre os discentes para cria\u00e7\u00e3o do Logotipo do evento. Os professores idealizadores, Lidiane Xisto e Vin\u00edcius Reis, avaliaram de forma positiva o evento e esperam dar seguimento as atividades no pr\u00f3ximo ano letivo.<\/p>\n<p style=\"text-align: justify\">&#8220;As constantes mudan\u00e7as no perfil dos estudantes gera\u00e7\u00e3o ap\u00f3s gera\u00e7\u00e3o nos desafia a buscar metodologias atrativas aos discentes com abordagens de temas atuais e m\u00e9todos avaliativos que consigam alcan\u00e7ar distintos estilos de aprendizagem, uma vez que somente a abordagem te\u00f3rica n\u00e3o conseguir\u00e1 alcan\u00e7ar a totalidade dos discentes em sala de aula&#8221; &#8211; comenta o Prof. Vin\u00edcius Reis (Microbiologia Geral).<\/p>\n<p style=\"text-align: justify\">A Prof Lidiane Xisto (Biologia) ressalta que &#8220;o conte\u00fado de Microbiologia passado simplesmente de forma te\u00f3rica torna o entendimento do aluno muito abstrato, sendo necess\u00e1rio um trabalho diferenciado para que o processo de ensino-aprendizagem seja mais significativo&#8221;.<\/p>\n\n\t\t<style type=\"text\/css\">\n\t\t\t#gallery-1 {\n\t\t\t\tmargin: auto;\n\t\t\t}\n\t\t\t#gallery-1 .gallery-item {\n\t\t\t\tfloat: left;\n\t\t\t\tmargin-top: 10px;\n\t\t\t\ttext-align: center;\n\t\t\t\twidth: 33%;\n\t\t\t}\n\t\t\t#gallery-1 img {\n\t\t\t\tborder: 2px solid #cfcfcf;\n\t\t\t}\n\t\t\t#gallery-1 .gallery-caption {\n\t\t\t\tmargin-left: 0;\n\t\t\t}\n\t\t\t\/* see gallery_shortcode() in wp-includes\/media.php *\/\n\t\t<\/style>\n\t\t<div id='gallery-1' class='gallery galleryid-11210 gallery-columns-3 gallery-size-medium'><dl class='gallery-item'>\n\t\t\t<dt class='gallery-icon landscape'>\n\t\t\t\t<img width=\"300\" height=\"225\" src=\"https:\/\/www.ifbaiano.edu.br\/unidades\/santaines\/files\/2018\/12\/e36d9a78-4beb-4d3c-b738-229e859089bf.jpg\" class=\"attachment-medium size-medium\" alt=\"\" decoding=\"async\" loading=\"lazy\" \/>\n\t\t\t<\/dt><\/dl><dl class='gallery-item'>\n\t\t\t<dt class='gallery-icon portrait'>\n\t\t\t\t<img width=\"225\" height=\"300\" src=\"https:\/\/www.ifbaiano.edu.br\/unidades\/santaines\/files\/2018\/12\/c436cac5-e8ad-42b7-b934-cf6361f00a2c.jpg\" class=\"attachment-medium size-medium\" alt=\"\" decoding=\"async\" loading=\"lazy\" \/>\n\t\t\t<\/dt><\/dl><dl class='gallery-item'>\n\t\t\t<dt class='gallery-icon landscape'>\n\t\t\t\t<img width=\"300\" height=\"225\" src=\"https:\/\/www.ifbaiano.edu.br\/unidades\/santaines\/files\/2018\/12\/c69d1406-93b9-49de-bd41-d6d77514d027.jpg\" class=\"attachment-medium size-medium\" alt=\"\" decoding=\"async\" loading=\"lazy\" \/>\n\t\t\t<\/dt><\/dl><br style=\"clear: both\" \/><dl class='gallery-item'>\n\t\t\t<dt class='gallery-icon portrait'>\n\t\t\t\t<img width=\"225\" height=\"300\" src=\"https:\/\/www.ifbaiano.edu.br\/unidades\/santaines\/files\/2018\/12\/bcee9880-62a5-4c53-9bf4-3e1c4f629176.jpg\" class=\"attachment-medium size-medium\" alt=\"\" decoding=\"async\" loading=\"lazy\" \/>\n\t\t\t<\/dt><\/dl><dl class='gallery-item'>\n\t\t\t<dt class='gallery-icon landscape'>\n\t\t\t\t<img width=\"300\" height=\"225\" src=\"https:\/\/www.ifbaiano.edu.br\/unidades\/santaines\/files\/2018\/12\/566aac9c-14e1-4362-8539-07d5fd9c1e34.jpg\" class=\"attachment-medium size-medium\" alt=\"\" decoding=\"async\" loading=\"lazy\" \/>\n\t\t\t<\/dt><\/dl><dl class='gallery-item'>\n\t\t\t<dt class='gallery-icon landscape'>\n\t\t\t\t<img width=\"300\" height=\"225\" src=\"https:\/\/www.ifbaiano.edu.br\/unidades\/santaines\/files\/2018\/12\/634b0f61-3c13-44c3-b2d8-2d2bd702660e.jpg\" class=\"attachment-medium size-medium\" alt=\"\" decoding=\"async\" loading=\"lazy\" \/>\n\t\t\t<\/dt><\/dl><br style=\"clear: both\" \/><dl class='gallery-item'>\n\t\t\t<dt class='gallery-icon landscape'>\n\t\t\t\t<img width=\"300\" height=\"225\" src=\"https:\/\/www.ifbaiano.edu.br\/unidades\/santaines\/files\/2018\/12\/742b6015-32fe-4af8-9a5d-75c571956621.jpg\" class=\"attachment-medium size-medium\" alt=\"\" decoding=\"async\" loading=\"lazy\" \/>\n\t\t\t<\/dt><\/dl><dl class='gallery-item'>\n\t\t\t<dt class='gallery-icon portrait'>\n\t\t\t\t<img width=\"225\" height=\"300\" src=\"https:\/\/www.ifbaiano.edu.br\/unidades\/santaines\/files\/2018\/12\/0321391a-86bc-4f07-8d53-046a341b208f.jpg\" class=\"attachment-medium size-medium\" alt=\"\" decoding=\"async\" loading=\"lazy\" \/>\n\t\t\t<\/dt><\/dl><dl class='gallery-item'>\n\t\t\t<dt class='gallery-icon landscape'>\n\t\t\t\t<img width=\"300\" height=\"225\" src=\"https:\/\/www.ifbaiano.edu.br\/unidades\/santaines\/files\/2018\/12\/55298964-2396-4f5b-a85a-4ab50ba0dcfa.jpg\" class=\"attachment-medium size-medium\" alt=\"\" decoding=\"async\" loading=\"lazy\" \/>\n\t\t\t<\/dt><\/dl><br style=\"clear: both\" \/><dl class='gallery-item'>\n\t\t\t<dt class='gallery-icon landscape'>\n\t\t\t\t<img width=\"300\" height=\"225\" src=\"https:\/\/www.ifbaiano.edu.br\/unidades\/santaines\/files\/2018\/12\/4b53a7ec-de6f-423b-a3e7-9e17989d3f53.jpg\" class=\"attachment-medium size-medium\" alt=\"\" decoding=\"async\" loading=\"lazy\" \/>\n\t\t\t<\/dt><\/dl><dl class='gallery-item'>\n\t\t\t<dt class='gallery-icon landscape'>\n\t\t\t\t<img width=\"300\" height=\"225\" src=\"https:\/\/www.ifbaiano.edu.br\/unidades\/santaines\/files\/2018\/12\/8aad2b06-ca82-471b-a04b-06c1583cd646.jpg\" class=\"attachment-medium size-medium\" alt=\"\" decoding=\"async\" loading=\"lazy\" \/>\n\t\t\t<\/dt><\/dl><dl class='gallery-item'>\n\t\t\t<dt class='gallery-icon landscape'>\n\t\t\t\t<img width=\"300\" height=\"225\" src=\"https:\/\/www.ifbaiano.edu.br\/unidades\/santaines\/files\/2018\/12\/8cea4efe-f70c-4b6a-a3f7-6e6d67b6cafa.jpg\" class=\"attachment-medium size-medium\" alt=\"\" decoding=\"async\" loading=\"lazy\" \/>\n\t\t\t<\/dt><\/dl><br style=\"clear: both\" \/><dl class='gallery-item'>\n\t\t\t<dt class='gallery-icon landscape'>\n\t\t\t\t<img width=\"300\" height=\"225\" src=\"https:\/\/www.ifbaiano.edu.br\/unidades\/santaines\/files\/2018\/12\/28c6048a-9492-4ca7-ad3d-6133179e8224.jpg\" class=\"attachment-medium size-medium\" alt=\"\" decoding=\"async\" loading=\"lazy\" \/>\n\t\t\t<\/dt><\/dl><dl class='gallery-item'>\n\t\t\t<dt class='gallery-icon landscape'>\n\t\t\t\t<img width=\"300\" height=\"225\" src=\"https:\/\/www.ifbaiano.edu.br\/unidades\/santaines\/files\/2018\/12\/104f5feb-3907-4009-ab92-9eb060d086de.jpg\" class=\"attachment-medium size-medium\" alt=\"\" decoding=\"async\" loading=\"lazy\" \/>\n\t\t\t<\/dt><\/dl><dl class='gallery-item'>\n\t\t\t<dt class='gallery-icon landscape'>\n\t\t\t\t<img width=\"300\" height=\"225\" src=\"https:\/\/www.ifbaiano.edu.br\/unidades\/santaines\/files\/2018\/12\/3f7031bc-79de-4bb7-a8f3-ad8763b06c21.jpg\" class=\"attachment-medium size-medium\" alt=\"\" decoding=\"async\" loading=\"lazy\" \/>\n\t\t\t<\/dt><\/dl><br style=\"clear: both\" \/>\n\t\t<\/div>\n\n<hr \/>\n<p style=\"text-align: justify\">\n","protected":false},"excerpt":{"rendered":"<p>O Evento foi realizado em 01\/12\/2018, no Campus Santa In\u00eas<\/p>\n","protected":false},"author":86,"featured_media":11214,"comment_status":"closed","ping_status":"closed","sticky":false,"template":"","format":"standard","meta":[],"categories":[4,13,37,10,1,57],"tags":[],"_links":{"self":[{"href":"https:\/\/www.ifbaiano.edu.br\/unidades\/santaines\/wp-json\/wp\/v2\/posts\/11210"}],"collection":[{"href":"https:\/\/www.ifbaiano.edu.br\/unidades\/santaines\/wp-json\/wp\/v2\/posts"}],"about":[{"href":"https:\/\/www.ifbaiano.edu.br\/unidades\/santaines\/wp-json\/wp\/v2\/types\/post"}],"author":[{"embeddable":true,"href":"https:\/\/www.ifbaiano.edu.br\/unidades\/santaines\/wp-json\/wp\/v2\/users\/86"}],"replies":[{"embeddable":true,"href":"https:\/\/www.ifbaiano.edu.br\/unidades\/santaines\/wp-json\/wp\/v2\/comments?post=11210"}],"version-history":[{"count":4,"href":"https:\/\/www.ifbaiano.edu.br\/unidades\/santaines\/wp-json\/wp\/v2\/posts\/11210\/revisions"}],"predecessor-version":[{"id":11233,"href":"https:\/\/www.ifbaiano.edu.br\/unidades\/santaines\/wp-json\/wp\/v2\/posts\/11210\/revisions\/11233"}],"wp:featuredmedia":[{"embeddable":true,"href":"https:\/\/www.ifbaiano.edu.br\/unidades\/santaines\/wp-json\/wp\/v2\/media\/11214"}],"wp:attachment":[{"href":"https:\/\/www.ifbaiano.edu.br\/unidades\/santaines\/wp-json\/wp\/v2\/media?parent=11210"}],"wp:term":[{"taxonomy":"category","embeddable":true,"href":"https:\/\/www.ifbaiano.edu.br\/unidades\/santaines\/wp-json\/wp\/v2\/categories?post=11210"},{"taxonomy":"post_tag","embeddable":true,"href":"https:\/\/www.ifbaiano.edu.br\/unidades\/santaines\/wp-json\/wp\/v2\/tags?post=11210"}],"curies":[{"name":"wp","href":"https:\/\/api.w.org\/{rel}","templated":true}]}}