{"id":11212,"date":"2018-12-07T16:02:29","date_gmt":"2018-12-07T19:02:29","guid":{"rendered":"http:\/\/www.ifbaiano.edu.br\/unidades\/santaines\/?p=11212"},"modified":"2018-12-07T16:58:01","modified_gmt":"2018-12-07T19:58:01","slug":"i-semana-do-tecnico-em-agropecuaria-e-zootecnia-do-if-baiano-campus-santa-ines","status":"publish","type":"post","link":"https:\/\/www.ifbaiano.edu.br\/unidades\/santaines\/i-semana-do-tecnico-em-agropecuaria-e-zootecnia-do-if-baiano-campus-santa-ines\/","title":{"rendered":"I Semana do T\u00e9cnico em Agropecu\u00e1ria e Zootecnia do IF Baiano Campus Santa In\u00eas"},"content":{"rendered":"<hr \/>\n<p style=\"text-align: justify\"><span style=\"color: #343434\"><span style=\"font-family: Arial, sans-serif\">O IF Baiano C<\/span><\/span><span style=\"color: #343434\"><span style=\"font-family: Arial, sans-serif\">ampus Santa In\u00eas <\/span><\/span><span style=\"color: #343434\"><span style=\"font-family: Arial, sans-serif\">realiza entre os dias 10 e 12 de dezembro, a 1\u00aa Semana do T\u00e9cnico em Agropecu\u00e1ria e em Zootecnia, que ter\u00e1 como tema: <\/span><\/span><span style=\"color: #343434\"><span style=\"font-family: Arial, sans-serif\"><b>Agricultura Familiar: A\u00e7\u00e3o do T\u00e9cnico em Agropecu\u00e1ria e em Zootecnia na promo\u00e7\u00e3o da qualidade de vida do homem do campo. <\/b><\/span><\/span><\/p>\n<p align=\"justify\"><span style=\"color: #343434\"><span style=\"font-family: Arial, sans-serif\">O objetivo do evento \u00e9 integrar os alunos, promovendo o conhecimento e valoriza\u00e7\u00e3o da profiss\u00e3o, al\u00e9m de:<\/span><\/span><\/p>\n<p align=\"justify\"><span style=\"color: #343434\">\u2022 <span style=\"font-family: Arial, sans-serif\">Valorizar o sentimento de afei\u00e7\u00e3o pelo curso, de pertencimento a ele, ampliando-se os horizontes da pr\u00e1tica com o meio rural;<\/span><\/span><\/p>\n<p align=\"justify\"><span style=\"color: #343434\">\u2022 <span style=\"font-family: Arial, sans-serif\">Reconhecer a relev\u00e2ncia da a\u00e7\u00e3o do T\u00e9cnico em Agropecu\u00e1ria e em Zootecnia na promo\u00e7\u00e3o da qualidade de vida do homem do campo;<\/span><\/span><\/p>\n<p align=\"justify\"><span style=\"color: #343434\">\u2022 <span style=\"font-family: Arial, sans-serif\">Estimular a conviv\u00eancia social entre os alunos das turmas e dos cursos;<\/span><\/span><\/p>\n<p align=\"justify\"><span style=\"color: #343434\">\u2022<span style=\"font-family: Arial, sans-serif\">Promover a integra\u00e7\u00e3o entre alunos e servidores;<\/span><\/span><\/p>\n<p align=\"justify\"><span style=\"color: #343434\">\u2022 <span style=\"font-family: Arial, sans-serif\">Desenvolver o esp\u00edrito de competi\u00e7\u00e3o como atitude positiva e enriquecedora da forma\u00e7\u00e3o do indiv\u00edduo;<\/span><\/span><\/p>\n<p align=\"justify\"><span style=\"color: #343434\">\u2022 <span style=\"font-family: Arial, sans-serif\">Despertar a criatividade, o lado art\u00edstico-cultural e recreativo dos participantes; \u2022 Exercitar o esp\u00edrito de lideran\u00e7a, motiva\u00e7\u00e3o e coopera\u00e7\u00e3o, e;<\/span><\/span><\/p>\n<p align=\"justify\"><span style=\"color: #343434\">\u2022 <span style=\"font-family: Arial, sans-serif\">Proporcionar a cultura e o lazer aos participantes.<\/span><\/span><\/p>\n<p align=\"justify\"><span style=\"color: #343434\"><span style=\"font-family: Arial, sans-serif\"> O evento ocorrer\u00e1 na quadra poliesportiva do IF Baiano Campus Santa In\u00eas, com o in\u00edcio da programa\u00e7\u00e3o no dia 10\/12, a partir das 13h30min. Neste dia, al\u00e9m da abertura do evento, teremos uma palestra sobre o tema do evento, ministrada pelo professor Dr. <\/span><\/span><strong><span style=\"color: #343434\"><span style=\"font-family: Arial, sans-serif\">Davi Silva da Costa, Campus de Serrinha, e o in\u00edcio das atividades de uma gincana com a participa\u00e7\u00e3o de estudantes dos cursos T\u00e9cnicos em Agropecu\u00e1ria e Zootecnia, docentes e t\u00e9cnico-administrativos. Seis <\/span><\/span><\/strong><span style=\"font-family: Arial, sans-serif\">equipes ter\u00e3o que cumprir diversas tarefas sobre o tema do evento, acumulando pontos, em uma disputa saud\u00e1vel, respeitosa e educativa.<\/span><\/p>\n<hr \/>\n<p style=\"text-align: justify\"><a href=\"http:\/\/www.ifbaiano.edu.br\/unidades\/santaines\/files\/2018\/12\/PROGRAMA\u00c7\u00c3O-I-SEMANA-DO-T\u00c9CNICO-EM-AGROPECU\u00c1RIA-E-EM-ZOOTECNIA_Divulga\u00e7\u00e3o.pdf\"><strong>CLIQUE AQUI e saiba mais sobre o EVENTO<\/strong><\/a><\/p>\n<p style=\"text-align: justify\"><a href=\"http:\/\/www.ifbaiano.edu.br\/unidades\/santaines\/files\/2018\/12\/banner90x120_.png\"><img decoding=\"async\" loading=\"lazy\" class=\"alignleft wp-image-11237\" src=\"http:\/\/www.ifbaiano.edu.br\/unidades\/santaines\/files\/2018\/12\/banner90x120_.png\" alt=\"banner90x120_\" width=\"1294\" height=\"1726\" \/><\/a><\/p>\n","protected":false},"excerpt":{"rendered":"<p>O IF Baiano Campus Santa In\u00eas realiza entre os dias 10 e 12 de dezembro, a 1\u00aa Semana do T\u00e9cnico em Agropecu\u00e1ria e em Zootecnia, que ter\u00e1 como tema: Agricultura Familiar: A\u00e7\u00e3o do T\u00e9cnico em Agropecu\u00e1ria e em Zootecnia na promo\u00e7\u00e3o da qualidade de vida do homem do campo. O objetivo do evento \u00e9 integrar [&hellip;]<\/p>\n","protected":false},"author":86,"featured_media":11314,"comment_status":"closed","ping_status":"closed","sticky":false,"template":"","format":"standard","meta":[],"categories":[4,23,10,1,57],"tags":[],"_links":{"self":[{"href":"https:\/\/www.ifbaiano.edu.br\/unidades\/santaines\/wp-json\/wp\/v2\/posts\/11212"}],"collection":[{"href":"https:\/\/www.ifbaiano.edu.br\/unidades\/santaines\/wp-json\/wp\/v2\/posts"}],"about":[{"href":"https:\/\/www.ifbaiano.edu.br\/unidades\/santaines\/wp-json\/wp\/v2\/types\/post"}],"author":[{"embeddable":true,"href":"https:\/\/www.ifbaiano.edu.br\/unidades\/santaines\/wp-json\/wp\/v2\/users\/86"}],"replies":[{"embeddable":true,"href":"https:\/\/www.ifbaiano.edu.br\/unidades\/santaines\/wp-json\/wp\/v2\/comments?post=11212"}],"version-history":[{"count":8,"href":"https:\/\/www.ifbaiano.edu.br\/unidades\/santaines\/wp-json\/wp\/v2\/posts\/11212\/revisions"}],"predecessor-version":[{"id":11324,"href":"https:\/\/www.ifbaiano.edu.br\/unidades\/santaines\/wp-json\/wp\/v2\/posts\/11212\/revisions\/11324"}],"wp:featuredmedia":[{"embeddable":true,"href":"https:\/\/www.ifbaiano.edu.br\/unidades\/santaines\/wp-json\/wp\/v2\/media\/11314"}],"wp:attachment":[{"href":"https:\/\/www.ifbaiano.edu.br\/unidades\/santaines\/wp-json\/wp\/v2\/media?parent=11212"}],"wp:term":[{"taxonomy":"category","embeddable":true,"href":"https:\/\/www.ifbaiano.edu.br\/unidades\/santaines\/wp-json\/wp\/v2\/categories?post=11212"},{"taxonomy":"post_tag","embeddable":true,"href":"https:\/\/www.ifbaiano.edu.br\/unidades\/santaines\/wp-json\/wp\/v2\/tags?post=11212"}],"curies":[{"name":"wp","href":"https:\/\/api.w.org\/{rel}","templated":true}]}}