{"id":1123,"date":"2012-02-09T09:54:09","date_gmt":"2012-02-09T12:54:09","guid":{"rendered":"http:\/\/www.ifbaiano.edu.br\/unidades\/santaines\/?p=1123"},"modified":"2012-02-09T10:19:10","modified_gmt":"2012-02-09T13:19:10","slug":"httpwww-ifbaiano-edu-brunidadessantainesp1123previewtrue","status":"publish","type":"post","link":"https:\/\/www.ifbaiano.edu.br\/unidades\/santaines\/httpwww-ifbaiano-edu-brunidadessantainesp1123previewtrue\/","title":{"rendered":"Vagas Remanescentes 2\u00ba Lista de Espera SISU"},"content":{"rendered":"\n<p>O Diretor Geral do Instituto Federal de Educa\u00e7\u00e3o, Ci\u00eancia e Tecnologia<br \/>\nBaiano, IF Baiano &#8211; Campus Santa In\u00eas, em atendimento ao Processo Seletivo<br \/>\ndo Sistema SISU, convoca os candidatos selecionados na lista de espera EM<br \/>\nANEXO, para a realiza\u00e7\u00e3o das matr\u00edculas no per\u00edodo de 09\/02\/2012 a<br \/>\n11\/02\/2012, das 09h00min \u00e0s 11h30min e 12h00min \u00e0s 17h00min, em sua sede,<br \/>\nna cidade de Santa In\u00eas. O objetivo da mesma \u00e9 o preenchimento das vagas<br \/>\nremanescentes dos cursos de Biologia, Geografia e Zootecnia. O n\u00e3o<br \/>\ncomparecimento do candidato ser\u00e1 considerado a desist\u00eancia da vaga, com<br \/>\nclassifica\u00e7\u00e3o do candidato seguinte da lista de espera.<\/p>\n<p><a href='http:\/\/www.ifbaiano.edu.br\/unidades\/santaines\/files\/2012\/02\/2-CONVOCACAO-DA-LISTA-DE-ESPERA-DE-BIOLOGIA2.pdf'>2 CONVOCACAO DA LISTA DE ESPERA DE BIOLOGIA<\/a><br \/>\n<a href='http:\/\/www.ifbaiano.edu.br\/unidades\/santaines\/files\/2012\/02\/2-CONVOCACAO-DA-LISTA-DE-ESPERA-DE-GEOGRAFIA.pdf'>2 CONVOCACAO DA LISTA DE ESPERA DE GEOGRAFIA<\/a><br \/>\n<a href='http:\/\/www.ifbaiano.edu.br\/unidades\/santaines\/files\/2012\/02\/2-CONVOCACAO-DA-LISTA-DE-ESPERA-DE-ZOOTECNIA.pdf'>2 CONVOCACAO DA LISTA DE ESPERA DE ZOOTECNIA<\/a><\/p>\n<p>Endere\u00e7o: Instituto Federal de Educa\u00e7\u00e3o, Ci\u00eancia e Tecnologia Baiano &#8211;<br \/>\nCampus Santa In\u00eas<br \/>\nKm 2,5 &#8211; BA 420 &#8211; Rodovia Santa In\u00eas &#8211; Uba\u00edra<br \/>\nCEP: 45.320-000<br \/>\nFone (73) 3536-1210 &#8211; FAX. (73) 3536-1499<br \/>\ne-mail: secra@si.ifbaiano.edu.br<br \/>\ne-mail: secra_ifbaiano@hotmail.com<\/p>\n<p>QUANTIDADE DE VAGAS REMANESCENTES<\/p>\n<p>Biologia: 24<br \/>\nGeografia: 21<br \/>\nZootecnia: 19<\/p>\n<p>Total: 64 vagas<\/p>\n<p>DOCUMENTA\u00c7\u00c3O NECESS\u00c1RIA:<\/p>\n<p>C\u00d3PIA E ORIGINAL DE:<\/p>\n<p>* REGISTRO DE IDENTIDADE<br \/>\n* CPF<br \/>\n* HIST\u00d3RICO ESCOLAR DO ENSINO M\u00c9DIO E CERTIFICADO<br \/>\n* T\u00cdTULO ELEITOAL E QUITA\u00c7\u00c3O COM A JUSTI\u00c7A ELEITORAL<br \/>\n* CARTEIRA DE RESERVISTA , SOMENTE PARA HOMENS<br \/>\n* 02 (DUAS ) FOTOS<\/p>\n<p>SECRETARIA DE REGISTROS ACAD\u00caMICOS<\/p>\n","protected":false},"excerpt":{"rendered":"<p>O Diretor Geral do Instituto Federal de Educa\u00e7\u00e3o, Ci\u00eancia e Tecnologia Baiano, IF Baiano &#8211; Campus Santa In\u00eas, em atendimento ao Processo Seletivo do Sistema SISU, convoca os candidatos selecionados na lista de espera EM ANEXO, para a realiza\u00e7\u00e3o das matr\u00edculas no per\u00edodo de 09\/02\/2012 a 11\/02\/2012, das 09h00min \u00e0s 11h30min e 12h00min \u00e0s 17h00min, [&hellip;]<\/p>\n","protected":false},"author":29,"featured_media":0,"comment_status":"closed","ping_status":"closed","sticky":false,"template":"","format":"standard","meta":[],"categories":[8],"tags":[],"_links":{"self":[{"href":"https:\/\/www.ifbaiano.edu.br\/unidades\/santaines\/wp-json\/wp\/v2\/posts\/1123"}],"collection":[{"href":"https:\/\/www.ifbaiano.edu.br\/unidades\/santaines\/wp-json\/wp\/v2\/posts"}],"about":[{"href":"https:\/\/www.ifbaiano.edu.br\/unidades\/santaines\/wp-json\/wp\/v2\/types\/post"}],"author":[{"embeddable":true,"href":"https:\/\/www.ifbaiano.edu.br\/unidades\/santaines\/wp-json\/wp\/v2\/users\/29"}],"replies":[{"embeddable":true,"href":"https:\/\/www.ifbaiano.edu.br\/unidades\/santaines\/wp-json\/wp\/v2\/comments?post=1123"}],"version-history":[{"count":6,"href":"https:\/\/www.ifbaiano.edu.br\/unidades\/santaines\/wp-json\/wp\/v2\/posts\/1123\/revisions"}],"predecessor-version":[{"id":1133,"href":"https:\/\/www.ifbaiano.edu.br\/unidades\/santaines\/wp-json\/wp\/v2\/posts\/1123\/revisions\/1133"}],"wp:attachment":[{"href":"https:\/\/www.ifbaiano.edu.br\/unidades\/santaines\/wp-json\/wp\/v2\/media?parent=1123"}],"wp:term":[{"taxonomy":"category","embeddable":true,"href":"https:\/\/www.ifbaiano.edu.br\/unidades\/santaines\/wp-json\/wp\/v2\/categories?post=1123"},{"taxonomy":"post_tag","embeddable":true,"href":"https:\/\/www.ifbaiano.edu.br\/unidades\/santaines\/wp-json\/wp\/v2\/tags?post=1123"}],"curies":[{"name":"wp","href":"https:\/\/api.w.org\/{rel}","templated":true}]}}