{"id":11265,"date":"2018-12-03T16:31:03","date_gmt":"2018-12-03T19:31:03","guid":{"rendered":"http:\/\/www.ifbaiano.edu.br\/unidades\/santaines\/?p=11265"},"modified":"2018-12-07T16:26:03","modified_gmt":"2018-12-07T19:26:03","slug":"renovacao-de-matricula-para-graduacao-e-matricula-especial-edital-retificado","status":"publish","type":"post","link":"https:\/\/www.ifbaiano.edu.br\/unidades\/santaines\/renovacao-de-matricula-para-graduacao-e-matricula-especial-edital-retificado\/","title":{"rendered":"Renova\u00e7\u00e3o de Matr\u00edcula para Gradua\u00e7\u00e3o e Matr\u00edcula Especial &#8211; Edital Retificado"},"content":{"rendered":"<hr \/>\n<p>Os estudantes dos Cursos de Licenciatura em Ci\u00eancias Biol\u00f3gicas, Licenciatura em Geografia e Bacharelado em Zootecnia est\u00e3o\u00a0convocados\u00a0para a realiza\u00e7\u00e3o de Renova\u00e7\u00e3o de Matr\u00edcula no Instituto Federal de Educa\u00e7\u00e3o, Ci\u00eancia e Tecnologia Baiano Campus Santa In\u00eas referente ao Semestre Letivo 2018.2.<\/p>\n<div class=\"textoNoticiaDestaque\">\n<div>\n<div id=\"noticiaInterna\">\n<div id=\"post-11034\" class=\"post-11034 post type-post status-publish format-standard hentry category-banco-de-noticias category-cursos-superiores category-destaques category-dde category-quadro-de-avisos category-ultimas-noticias\">\n<div class=\"textoNoticiaDestaque\">\n<div>\n<p style=\"text-align: justify\" align=\"justify\">A Renova\u00e7\u00e3o de Matr\u00edcula dos Estudantes ser\u00e1 realizada obedecendo todas as normas e procedimentos constantes no Cap\u00edtulo V da Organiza\u00e7\u00e3o Did\u00e1tica dos Cursos de Educa\u00e7\u00e3o Superior do Instituto Federal de Educa\u00e7\u00e3o, Ci\u00eancia e Tecnologia Baiano, aprovada pela\u00a0<a href=\"http:\/\/www.ifbaiano.edu.br\/unidades\/lapa\/files\/2015\/11\/cursos-superiores-organizacao.pdf\">Resolu\u00e7\u00e3o n\u00ba 18 de 31 de outubro de 2012<\/a>.<\/p>\n<p style=\"text-align: justify\" align=\"justify\">O per\u00edodo de Renova\u00e7\u00e3o de Matr\u00edcula referente ao Semestre Letivo 2018.2 \u00e9 de <strong>05 a 09\/12\/2018<\/strong>.<\/p>\n<p style=\"text-align: justify\" align=\"justify\">No\u00a0per\u00edodo de 05 a 09\/12\/2018 ser\u00e1 realizada matr\u00edcula Especial (para portador de diploma de curso de gradua\u00e7\u00e3o e p\u00f3s-gradua\u00e7\u00e3o lato e stricto sensu, desde que apresente o diploma obtido em curso de \u00e1rea afim, ou estudante de gradua\u00e7\u00e3o, desde que comprove matr\u00edcula em curso superior em outra Institui\u00e7\u00e3o de Ensino).<\/p>\n<p style=\"text-align: justify\" align=\"justify\">A Renova\u00e7\u00e3o de Matr\u00edcula para o Semestre 2018.2 ser\u00e1\u00a0<em>online<\/em>\u00a0e dever\u00e1 ser realizada via\u00a0internet, no sistema\u00a0<a href=\"https:\/\/sig.ifbaiano.edu.br\/sigaa\/verTelaLogin.do;jsessionid=C85819069A5BB6EDDF69E6F9350435F8.cooperacao\">SIGA A<\/a>, Portal do Discente.<\/p>\n<p style=\"text-align: justify\" align=\"justify\">A\u00a0Renova\u00e7\u00e3o\u00a0de\u00a0Matr\u00edcula\u00a0n\u00e3o\u00a0vincula\u00a0definitivamente\u00a0o\u00a0Estudante\u00a0\u00e0 disciplina, pois existe ainda o Processamento de Matr\u00edcula que considerar\u00e1 o n\u00famero de vagas ofertadas, cursos para o qual a disciplina \u00e9 oferecida, pr\u00e9-requisito e prioridades do curr\u00edculo.<\/p>\n<p style=\"text-align: justify\" align=\"justify\">O preenchimento de vagas em cada disciplina considerar\u00e1 o limite m\u00e1ximo de 40 (quarenta)\u00a0vagas.<\/p>\n<hr \/>\n<\/div>\n<div>\n<div id=\"pageContainer1\" class=\"page\">\n<div class=\"textLayer\">\n<div>\n<div id=\"pageContainer1\" class=\"page\">\n<div class=\"textLayer\">\n<p><a href=\"http:\/\/www.ifbaiano.edu.br\/unidades\/santaines\/files\/2018\/12\/EDITAL-DE-MATR\u00cdCULA-DOS-CURSOS-DE-GRADUA\u00c7\u00c3O-2018.2-RETIFICADO-EM-07-DE-DEZEMBRO-DE-2018.pdf\"><strong>VEJA AQUI\u00a0O EDITAL RETIFICADO (07\/12\/2018).<\/strong><\/a><\/p>\n<p><a href=\"http:\/\/www.ifbaiano.edu.br\/unidades\/santaines\/files\/2018\/12\/EDITAL-DE-MATR\u00cdCULA-DOS-CURSOS-DE-GRADUA\u00c7\u00c3O-2018.2-RETIFICADO-EM-03-DEZEMBRO-DE-2018.pdf\"><span style=\"text-decoration: underline\"><strong>\u00a0VEJA AQUI\u00a0O EDITAL RETIFICADO (03\/12\/2018).<\/strong><\/span><\/a><\/p>\n<p><span style=\"text-decoration: underline\"><strong><a href=\"http:\/\/www.ifbaiano.edu.br\/unidades\/santaines\/files\/2018\/11\/EDITAL-DE-MATR%C3%8DCULA-N%C2%BA-10-CURSOS-DE-GRADUA%C3%87%C3%83O-2018.2.pdf\">CLIQUE AQUI para acessar o EDITAL e demais informa\u00e7\u00f5es<\/a><\/strong><\/span><\/p>\n<\/div>\n<\/div>\n<\/div>\n<\/div>\n<\/div>\n<\/div>\n<\/div>\n<\/div>\n<\/div>\n<\/div>\n<div><\/div>\n<div>\n<div id=\"pageContainer1\" class=\"page\">\n<div class=\"textLayer\">\n<div>\n<hr \/>\n<\/div>\n<\/div>\n<\/div>\n<\/div>\n<\/div>\n","protected":false},"excerpt":{"rendered":"<p>O per\u00edodo de Renova\u00e7\u00e3o de Matr\u00edcula referente ao Semestre Letivo 2018.2 \u00e9 de 05 a 09\/12\/2018<\/p>\n","protected":false},"author":86,"featured_media":0,"comment_status":"closed","ping_status":"closed","sticky":false,"template":"","format":"standard","meta":[],"categories":[4,3,12,10,57],"tags":[],"_links":{"self":[{"href":"https:\/\/www.ifbaiano.edu.br\/unidades\/santaines\/wp-json\/wp\/v2\/posts\/11265"}],"collection":[{"href":"https:\/\/www.ifbaiano.edu.br\/unidades\/santaines\/wp-json\/wp\/v2\/posts"}],"about":[{"href":"https:\/\/www.ifbaiano.edu.br\/unidades\/santaines\/wp-json\/wp\/v2\/types\/post"}],"author":[{"embeddable":true,"href":"https:\/\/www.ifbaiano.edu.br\/unidades\/santaines\/wp-json\/wp\/v2\/users\/86"}],"replies":[{"embeddable":true,"href":"https:\/\/www.ifbaiano.edu.br\/unidades\/santaines\/wp-json\/wp\/v2\/comments?post=11265"}],"version-history":[{"count":12,"href":"https:\/\/www.ifbaiano.edu.br\/unidades\/santaines\/wp-json\/wp\/v2\/posts\/11265\/revisions"}],"predecessor-version":[{"id":11322,"href":"https:\/\/www.ifbaiano.edu.br\/unidades\/santaines\/wp-json\/wp\/v2\/posts\/11265\/revisions\/11322"}],"wp:attachment":[{"href":"https:\/\/www.ifbaiano.edu.br\/unidades\/santaines\/wp-json\/wp\/v2\/media?parent=11265"}],"wp:term":[{"taxonomy":"category","embeddable":true,"href":"https:\/\/www.ifbaiano.edu.br\/unidades\/santaines\/wp-json\/wp\/v2\/categories?post=11265"},{"taxonomy":"post_tag","embeddable":true,"href":"https:\/\/www.ifbaiano.edu.br\/unidades\/santaines\/wp-json\/wp\/v2\/tags?post=11265"}],"curies":[{"name":"wp","href":"https:\/\/api.w.org\/{rel}","templated":true}]}}