{"id":11286,"date":"2018-12-05T16:42:59","date_gmt":"2018-12-05T19:42:59","guid":{"rendered":"http:\/\/www.ifbaiano.edu.br\/unidades\/santaines\/?p=11286"},"modified":"2018-12-05T17:05:35","modified_gmt":"2018-12-05T20:05:35","slug":"formandos-do-campus-santa-ines-colam-grau-em-cerimonia-de-gabinete","status":"publish","type":"post","link":"https:\/\/www.ifbaiano.edu.br\/unidades\/santaines\/formandos-do-campus-santa-ines-colam-grau-em-cerimonia-de-gabinete\/","title":{"rendered":"Formandos do Campus Santa In\u00eas Colam Grau em Cerim\u00f4nia de Gabinete"},"content":{"rendered":"<hr \/>\n<p style=\"text-align: justify\">Quatro estudantes do Curso de Licenciatura em Geografia e uma estudante do Curso de Licenciatura em Ci\u00eancias Biol\u00f3gicas do IF Baiano Campus Santa In\u00eas, colaram grau nesta quarta-feira, 05\/12, em Cerim\u00f4nia de Gabinete.\u00a0A solenidade aconteceu \u00e0s 14h no audit\u00f3rio da Biblioteca do Campus. \u00a0<a href=\"http:\/\/www.ifbaiano.edu.br\/unidades\/santaines\/files\/2018\/12\/48f1a47e-9e5d-4b6c-98ae-1cff04db8be8.jpg\"><br \/>\n<\/a><\/p>\n\n\t\t<style type=\"text\/css\">\n\t\t\t#gallery-1 {\n\t\t\t\tmargin: auto;\n\t\t\t}\n\t\t\t#gallery-1 .gallery-item {\n\t\t\t\tfloat: left;\n\t\t\t\tmargin-top: 10px;\n\t\t\t\ttext-align: center;\n\t\t\t\twidth: 33%;\n\t\t\t}\n\t\t\t#gallery-1 img {\n\t\t\t\tborder: 2px solid #cfcfcf;\n\t\t\t}\n\t\t\t#gallery-1 .gallery-caption {\n\t\t\t\tmargin-left: 0;\n\t\t\t}\n\t\t\t\/* see gallery_shortcode() in wp-includes\/media.php *\/\n\t\t<\/style>\n\t\t<div id='gallery-1' class='gallery galleryid-11286 gallery-columns-3 gallery-size-medium'><dl class='gallery-item'>\n\t\t\t<dt class='gallery-icon portrait'>\n\t\t\t\t<img width=\"169\" height=\"300\" src=\"https:\/\/www.ifbaiano.edu.br\/unidades\/santaines\/files\/2018\/12\/48f1a47e-9e5d-4b6c-98ae-1cff04db8be8-1.jpg\" class=\"attachment-medium size-medium\" alt=\"\" decoding=\"async\" loading=\"lazy\" \/>\n\t\t\t<\/dt><\/dl><dl class='gallery-item'>\n\t\t\t<dt class='gallery-icon portrait'>\n\t\t\t\t<img width=\"169\" height=\"300\" src=\"https:\/\/www.ifbaiano.edu.br\/unidades\/santaines\/files\/2018\/12\/65dc1d22-e025-4abb-a8c2-da78787c5935-1.jpg\" class=\"attachment-medium size-medium\" alt=\"\" decoding=\"async\" loading=\"lazy\" \/>\n\t\t\t<\/dt><\/dl>\n\t\t\t<br style='clear: both' \/>\n\t\t<\/div>\n\n<p>A cola\u00e7\u00e3o de grau em gabinete \u00e9 uma exig\u00eancia legal prevista para atender casos excepcionais de formandos.<\/p>\n<hr \/>\n\n\t\t<style type=\"text\/css\">\n\t\t\t#gallery-2 {\n\t\t\t\tmargin: auto;\n\t\t\t}\n\t\t\t#gallery-2 .gallery-item {\n\t\t\t\tfloat: left;\n\t\t\t\tmargin-top: 10px;\n\t\t\t\ttext-align: center;\n\t\t\t\twidth: 33%;\n\t\t\t}\n\t\t\t#gallery-2 img {\n\t\t\t\tborder: 2px solid #cfcfcf;\n\t\t\t}\n\t\t\t#gallery-2 .gallery-caption {\n\t\t\t\tmargin-left: 0;\n\t\t\t}\n\t\t\t\/* see gallery_shortcode() in wp-includes\/media.php *\/\n\t\t<\/style>\n\t\t<div id='gallery-2' class='gallery galleryid-11286 gallery-columns-3 gallery-size-large'><dl class='gallery-item'>\n\t\t\t<dt class='gallery-icon landscape'>\n\t\t\t\t<img width=\"1024\" height=\"576\" src=\"https:\/\/www.ifbaiano.edu.br\/unidades\/santaines\/files\/2018\/12\/14dc2b83-84b4-410d-89c4-73f524e0568b.jpg\" class=\"attachment-large size-large\" alt=\"\" decoding=\"async\" loading=\"lazy\" \/>\n\t\t\t<\/dt><\/dl><dl class='gallery-item'>\n\t\t\t<dt class='gallery-icon landscape'>\n\t\t\t\t<img width=\"1024\" height=\"576\" src=\"https:\/\/www.ifbaiano.edu.br\/unidades\/santaines\/files\/2018\/12\/35a0a0ae-53e0-4138-9276-6ef04f4c4c82.jpg\" class=\"attachment-large size-large\" alt=\"\" decoding=\"async\" loading=\"lazy\" \/>\n\t\t\t<\/dt><\/dl><dl class='gallery-item'>\n\t\t\t<dt class='gallery-icon landscape'>\n\t\t\t\t<img width=\"1024\" height=\"576\" src=\"https:\/\/www.ifbaiano.edu.br\/unidades\/santaines\/files\/2018\/12\/15da09be-1fb5-4bb6-ba22-0363f76341c6.jpg\" class=\"attachment-large size-large\" alt=\"\" decoding=\"async\" loading=\"lazy\" \/>\n\t\t\t<\/dt><\/dl><br style=\"clear: both\" \/><dl class='gallery-item'>\n\t\t\t<dt class='gallery-icon landscape'>\n\t\t\t\t<img width=\"1024\" height=\"576\" src=\"https:\/\/www.ifbaiano.edu.br\/unidades\/santaines\/files\/2018\/12\/7dfcc4ed-066b-4fbe-8ce1-fbf96e608d73.jpg\" class=\"attachment-large size-large\" alt=\"\" decoding=\"async\" loading=\"lazy\" \/>\n\t\t\t<\/dt><\/dl><dl class='gallery-item'>\n\t\t\t<dt class='gallery-icon landscape'>\n\t\t\t\t<img width=\"1024\" height=\"576\" src=\"https:\/\/www.ifbaiano.edu.br\/unidades\/santaines\/files\/2018\/12\/b52b3122-0309-4ca7-a098-8fe32e3d0b33.jpg\" class=\"attachment-large size-large\" alt=\"\" decoding=\"async\" loading=\"lazy\" \/>\n\t\t\t<\/dt><\/dl>\n\t\t\t<br style='clear: both' \/>\n\t\t<\/div>\n\n","protected":false},"excerpt":{"rendered":"<p>Quatro estudantes do Curso de Licenciatura em Geografia e uma estudante do Curso de Licenciatura em Ci\u00eancias Biol\u00f3gicas do IF Baiano Campus Santa In\u00eas, colaram grau nesta quarta-feira, 05\/12, em Cerim\u00f4nia de Gabinete.\u00a0A solenidade aconteceu \u00e0s 14h no audit\u00f3rio da Biblioteca do Campus. \u00a0 A cola\u00e7\u00e3o de grau em gabinete \u00e9 uma exig\u00eancia legal prevista [&hellip;]<\/p>\n","protected":false},"author":86,"featured_media":11304,"comment_status":"closed","ping_status":"closed","sticky":false,"template":"","format":"standard","meta":[],"categories":[4,12,37,10,1,57],"tags":[],"_links":{"self":[{"href":"https:\/\/www.ifbaiano.edu.br\/unidades\/santaines\/wp-json\/wp\/v2\/posts\/11286"}],"collection":[{"href":"https:\/\/www.ifbaiano.edu.br\/unidades\/santaines\/wp-json\/wp\/v2\/posts"}],"about":[{"href":"https:\/\/www.ifbaiano.edu.br\/unidades\/santaines\/wp-json\/wp\/v2\/types\/post"}],"author":[{"embeddable":true,"href":"https:\/\/www.ifbaiano.edu.br\/unidades\/santaines\/wp-json\/wp\/v2\/users\/86"}],"replies":[{"embeddable":true,"href":"https:\/\/www.ifbaiano.edu.br\/unidades\/santaines\/wp-json\/wp\/v2\/comments?post=11286"}],"version-history":[{"count":10,"href":"https:\/\/www.ifbaiano.edu.br\/unidades\/santaines\/wp-json\/wp\/v2\/posts\/11286\/revisions"}],"predecessor-version":[{"id":11309,"href":"https:\/\/www.ifbaiano.edu.br\/unidades\/santaines\/wp-json\/wp\/v2\/posts\/11286\/revisions\/11309"}],"wp:featuredmedia":[{"embeddable":true,"href":"https:\/\/www.ifbaiano.edu.br\/unidades\/santaines\/wp-json\/wp\/v2\/media\/11304"}],"wp:attachment":[{"href":"https:\/\/www.ifbaiano.edu.br\/unidades\/santaines\/wp-json\/wp\/v2\/media?parent=11286"}],"wp:term":[{"taxonomy":"category","embeddable":true,"href":"https:\/\/www.ifbaiano.edu.br\/unidades\/santaines\/wp-json\/wp\/v2\/categories?post=11286"},{"taxonomy":"post_tag","embeddable":true,"href":"https:\/\/www.ifbaiano.edu.br\/unidades\/santaines\/wp-json\/wp\/v2\/tags?post=11286"}],"curies":[{"name":"wp","href":"https:\/\/api.w.org\/{rel}","templated":true}]}}