{"id":11340,"date":"2019-01-16T10:20:10","date_gmt":"2019-01-16T13:20:10","guid":{"rendered":"http:\/\/www.ifbaiano.edu.br\/unidades\/santaines\/?p=11340"},"modified":"2019-01-16T11:02:56","modified_gmt":"2019-01-16T14:02:56","slug":"matricula-para-ingresso-de-estudantes-em-2019-editais-publicados","status":"publish","type":"post","link":"https:\/\/www.ifbaiano.edu.br\/unidades\/santaines\/matricula-para-ingresso-de-estudantes-em-2019-editais-publicados\/","title":{"rendered":"Segunda Chamada"},"content":{"rendered":"<p><a href=\"http:\/\/www.ifbaiano.edu.br\/unidades\/santaines\/files\/2019\/01\/matr\u00edcula-santa-ines-ingresso-2019.jpg\"><img decoding=\"async\" loading=\"lazy\" class=\"alignleft  wp-image-11394\" src=\"http:\/\/www.ifbaiano.edu.br\/unidades\/santaines\/files\/2019\/01\/matr\u00edcula-santa-ines-ingresso-2019.jpg\" alt=\"matr\u00edcula-santa-ines-ingresso-2019\" width=\"481\" height=\"481\" \/><\/a>Foram Publicados os Editais de Matr\u00edculas dos candidatos(as) aprovados(as) no Processo Seletivo para Ingresso de Estudantes em 2019, para o Curso T\u00e9cnico de N\u00edvel M\u00e9dio em Agropecu\u00e1ria, Zootecnia e Alimentos e, tamb\u00e9m para o Curso T\u00e9cnico em Inform\u00e1tica Subsequente.<\/p>\n<p>Nos Editais constam todas as informa\u00e7\u00f5es necess\u00e1rias para as respectivas matr\u00edculas e cronogramas visando o preenchimento das vagas nos referidos Cursos.<\/p>\n<hr \/>\n<p><a href=\"http:\/\/concurso.ifbaiano.edu.br\/portal\/ingresso-de-estudantes-2019\/wp-content\/uploads\/sites\/183\/2018\/12\/Edital-de-Matr%C3%ADcula-n%C2%BA-13-Integrado-SANTA-IN%C3%8AS.pdf\"><span style=\"text-decoration: underline\"><strong>Edital de Matr\u00edcula &#8211; Curso T\u00e9cnico de N\u00edvel M\u00e9dio em Agropecu\u00e1ria, Zootecnia e Alimentos<\/strong><\/span><\/a><\/p>\n<p><a href=\"http:\/\/concurso.ifbaiano.edu.br\/portal\/ingresso-de-estudantes-2019\/wp-content\/uploads\/sites\/183\/2018\/12\/Edital-de-Matr%C3%ADcula-n%C2%BA-12-Inform%C3%A1tica-Subsequente-SANTA-IN%C3%8AS.pdf\"><strong><span style=\"text-decoration: underline\">Edital de Matr\u00edcula &#8211; Curso T\u00e9cnico em Inform\u00e1tica Subsequente<\/span><\/strong><\/a><\/p>\n<p><a href=\"http:\/\/www.ifbaiano.edu.br\/unidades\/santaines\/files\/2019\/01\/SEGUNDA-CHAMADA.pdf\"><span style=\"text-decoration: underline\"><strong> Segunda Chamada de Matr\u00edculas do Processo Seletivo 2019<\/strong><\/span><\/a><\/p>\n<hr \/>\n<p>Vejam mais informa\u00e7\u00f5es<a href=\"http:\/\/concurso.ifbaiano.edu.br\/portal\/ingresso-de-estudantes-2019\/\"> <strong>AQUI<\/strong><\/a><\/p>\n<hr \/>\n<p>&nbsp;<\/p>\n","protected":false},"excerpt":{"rendered":"<p>Per\u00edodo de Matr\u00edculas: de 23 a 25\/01 e 28 a 29\/01\/2019, no hor\u00e1rio das 08:00 \u00e0s 15:00, para todos os cursos.<\/p>\n","protected":false},"author":86,"featured_media":11344,"comment_status":"closed","ping_status":"closed","sticky":false,"template":"","format":"standard","meta":[],"categories":[4,13,5,7,10,8],"tags":[],"_links":{"self":[{"href":"https:\/\/www.ifbaiano.edu.br\/unidades\/santaines\/wp-json\/wp\/v2\/posts\/11340"}],"collection":[{"href":"https:\/\/www.ifbaiano.edu.br\/unidades\/santaines\/wp-json\/wp\/v2\/posts"}],"about":[{"href":"https:\/\/www.ifbaiano.edu.br\/unidades\/santaines\/wp-json\/wp\/v2\/types\/post"}],"author":[{"embeddable":true,"href":"https:\/\/www.ifbaiano.edu.br\/unidades\/santaines\/wp-json\/wp\/v2\/users\/86"}],"replies":[{"embeddable":true,"href":"https:\/\/www.ifbaiano.edu.br\/unidades\/santaines\/wp-json\/wp\/v2\/comments?post=11340"}],"version-history":[{"count":8,"href":"https:\/\/www.ifbaiano.edu.br\/unidades\/santaines\/wp-json\/wp\/v2\/posts\/11340\/revisions"}],"predecessor-version":[{"id":11395,"href":"https:\/\/www.ifbaiano.edu.br\/unidades\/santaines\/wp-json\/wp\/v2\/posts\/11340\/revisions\/11395"}],"wp:featuredmedia":[{"embeddable":true,"href":"https:\/\/www.ifbaiano.edu.br\/unidades\/santaines\/wp-json\/wp\/v2\/media\/11344"}],"wp:attachment":[{"href":"https:\/\/www.ifbaiano.edu.br\/unidades\/santaines\/wp-json\/wp\/v2\/media?parent=11340"}],"wp:term":[{"taxonomy":"category","embeddable":true,"href":"https:\/\/www.ifbaiano.edu.br\/unidades\/santaines\/wp-json\/wp\/v2\/categories?post=11340"},{"taxonomy":"post_tag","embeddable":true,"href":"https:\/\/www.ifbaiano.edu.br\/unidades\/santaines\/wp-json\/wp\/v2\/tags?post=11340"}],"curies":[{"name":"wp","href":"https:\/\/api.w.org\/{rel}","templated":true}]}}