{"id":11354,"date":"2019-01-14T09:45:00","date_gmt":"2019-01-14T12:45:00","guid":{"rendered":"http:\/\/www.ifbaiano.edu.br\/unidades\/santaines\/?p=11354"},"modified":"2019-01-14T10:08:12","modified_gmt":"2019-01-14T13:08:12","slug":"matriculas-para-vagas-remanescentes-dos-cursos-superiores","status":"publish","type":"post","link":"https:\/\/www.ifbaiano.edu.br\/unidades\/santaines\/matriculas-para-vagas-remanescentes-dos-cursos-superiores\/","title":{"rendered":"Matr\u00edculas para vagas Remanescentes dos Cursos Superiores"},"content":{"rendered":"<hr \/>\n<p style=\"text-align: justify\"><a href=\"http:\/\/www.ifbaiano.edu.br\/unidades\/santaines\/files\/2018\/12\/Matricula-remanescentes.jpg\"><img decoding=\"async\" loading=\"lazy\" class=\"alignleft size-full wp-image-11358\" src=\"http:\/\/www.ifbaiano.edu.br\/unidades\/santaines\/files\/2018\/12\/Matricula-remanescentes.jpg\" alt=\"Matricula remanescentes\" width=\"1058\" height=\"662\" \/><\/a>Os candidatos classificados de acordo com a publica\u00e7\u00e3o dos Resultados finais, <strong>Vagas Remanescentes,<\/strong>\u00a0conforme as regras do <a href=\"http:\/\/concurso.ifbaiano.edu.br\/portal\/vagas-remanescentes-santa-ines-novembro-2018\/wp-content\/uploads\/sites\/213\/2018\/11\/Edital-N%C2%BA-11-Vagas-Remanescentes-Gradua%C3%A7%C3%A3o.pdf\">Edital n\u00ba 11\/2018<\/a>\u00a0, a matr\u00edcula ser\u00e1 efetuada na Secretaria de Registros Acad\u00eamico entre os dias 07 e <span id=\"OBJ_PREFIX_DWT148_com_zimbra_date\" class=\"Object\"><span id=\"OBJ_PREFIX_DWT159_com_zimbra_date\" class=\"Object\">09 de Janeiro<\/span><\/span> de 2019, das 8h \u00e0s 15h, mediante apresenta\u00e7\u00e3o da <a href=\"http:\/\/www.ifbaiano.edu.br\/unidades\/santaines\/files\/2018\/12\/Documentos-necess%C3%A1rios-para-matr%C3%ADcula_Cursos-Superiores.pdf\">documenta\u00e7\u00e3o<\/a>\u00a0(<strong>Vagas remanescentes nos dias 14 e 15 de janeiro de 2019<\/strong>)<\/p>\n<p style=\"text-align: justify\">requerida para a ocasi\u00e3o no site (<a href=\"http:\/\/concurso.ifbaiano.edu.br\/portal\/vagas-remanescentes-santa-ines-novembro-2018\/\">concurso.ifbaiano<\/a> &#8211; item Vagas Remanescentes) e de acordo com o cronograma.<\/p>\n<p>O candidato ou respons\u00e1vel legal, que n\u00e3o comparecer para efetivar a matr\u00edcula no prazo perder\u00e1 o direito a vaga.<\/p>\n<p>No caso de n\u00e3o preenchimento de todas as vagas no ato da chamada, ser\u00e3o realizadas outras chamadas, obedecendo a ordem de classifica\u00e7\u00e3o e divulga\u00e7\u00e3o oportunamente.<\/p>\n<hr \/>\n<p><strong><a href=\"http:\/\/www.ifbaiano.edu.br\/unidades\/santaines\/files\/2018\/12\/LISTA_DE_ESPERA_2_CHAMADA_PDF.pdf\">Segunda Chamada para Matr\u00edcula : Vagas Remanescentes Cursos de Gradua\u00e7\u00e3o Campus Santa In\u00eas<\/a><\/strong><br \/>\nDias: 11, 14 e 15\/01\/2019<br \/>\nHor\u00e1rio de Matr\u00edcula : 07h30min \u00e0s 13h30min<\/p>\n<p><strong><a href=\"http:\/\/www.ifbaiano.edu.br\/unidades\/santaines\/files\/2018\/12\/retificacao_documentos_necessarios_para_matricula.pdf\" target=\"_blank\">Retifica\u00e7\u00e3o do Edital N\u00ba 11\/2018 (27\/11\/2018)<\/a><\/strong><\/p>\n<p><strong><a href=\"http:\/\/concurso.ifbaiano.edu.br\/portal\/vagas-remanescentes-santa-ines-novembro-2018\/\">Clique AQUI para todas as informa\u00e7\u00f5es referentes a este Processo<\/a><\/strong><\/p>\n<hr \/>\n<p>&nbsp;<\/p>\n","protected":false},"excerpt":{"rendered":"<p>Segunda Chamada para Matr\u00edcula : Vagas Remanescentes<br \/>\nCursos de Gradua\u00e7\u00e3o Campus Santa In\u00eas<br \/>\nDias: 11, 14 e 15\/01\/2019<br \/>\nHor\u00e1rio de Matr\u00edcula : 07h30min \u00e0s 13h30min<\/p>\n","protected":false},"author":86,"featured_media":11358,"comment_status":"closed","ping_status":"closed","sticky":false,"template":"","format":"standard","meta":[],"categories":[4,12,10,57],"tags":[],"_links":{"self":[{"href":"https:\/\/www.ifbaiano.edu.br\/unidades\/santaines\/wp-json\/wp\/v2\/posts\/11354"}],"collection":[{"href":"https:\/\/www.ifbaiano.edu.br\/unidades\/santaines\/wp-json\/wp\/v2\/posts"}],"about":[{"href":"https:\/\/www.ifbaiano.edu.br\/unidades\/santaines\/wp-json\/wp\/v2\/types\/post"}],"author":[{"embeddable":true,"href":"https:\/\/www.ifbaiano.edu.br\/unidades\/santaines\/wp-json\/wp\/v2\/users\/86"}],"replies":[{"embeddable":true,"href":"https:\/\/www.ifbaiano.edu.br\/unidades\/santaines\/wp-json\/wp\/v2\/comments?post=11354"}],"version-history":[{"count":10,"href":"https:\/\/www.ifbaiano.edu.br\/unidades\/santaines\/wp-json\/wp\/v2\/posts\/11354\/revisions"}],"predecessor-version":[{"id":11378,"href":"https:\/\/www.ifbaiano.edu.br\/unidades\/santaines\/wp-json\/wp\/v2\/posts\/11354\/revisions\/11378"}],"wp:featuredmedia":[{"embeddable":true,"href":"https:\/\/www.ifbaiano.edu.br\/unidades\/santaines\/wp-json\/wp\/v2\/media\/11358"}],"wp:attachment":[{"href":"https:\/\/www.ifbaiano.edu.br\/unidades\/santaines\/wp-json\/wp\/v2\/media?parent=11354"}],"wp:term":[{"taxonomy":"category","embeddable":true,"href":"https:\/\/www.ifbaiano.edu.br\/unidades\/santaines\/wp-json\/wp\/v2\/categories?post=11354"},{"taxonomy":"post_tag","embeddable":true,"href":"https:\/\/www.ifbaiano.edu.br\/unidades\/santaines\/wp-json\/wp\/v2\/tags?post=11354"}],"curies":[{"name":"wp","href":"https:\/\/api.w.org\/{rel}","templated":true}]}}