{"id":11370,"date":"2018-12-21T11:21:10","date_gmt":"2018-12-21T14:21:10","guid":{"rendered":"http:\/\/www.ifbaiano.edu.br\/unidades\/santaines\/?p=11370"},"modified":"2018-12-21T12:23:21","modified_gmt":"2018-12-21T15:23:21","slug":"pesquisadores-desenvolvem-sistema-para-controle-de-rebanhos-no-campus-santa-ines","status":"publish","type":"post","link":"https:\/\/www.ifbaiano.edu.br\/unidades\/santaines\/pesquisadores-desenvolvem-sistema-para-controle-de-rebanhos-no-campus-santa-ines\/","title":{"rendered":"Pesquisadores desenvolvem sistema para controle de rebanhos no Campus Santa In\u00eas"},"content":{"rendered":"<p style=\"text-align: justify\">Pesquisadores do grupo de estudos \u201cF\u00e1brica de software\u201d, do IF Baiano Campus Santa In\u00eas, desenvolveram um pacote de aplica\u00e7\u00f5es para gerenciamento zoot\u00e9cnico de rebanhos na unidade. O software, batizado de \u201cArk\u201d, uma alus\u00e3o \u00e0 Arca de No\u00e9, traz a possibilidade do cadastramento de animais, controle da natalidade, gera\u00e7\u00e3o de relat\u00f3rios com base em \u00edndices zoot\u00e9cnicos acerca dos animais cadastrados no sistema, dentre outras funcionalidades.<\/p>\n<p style=\"text-align: justify\">A ideia surgiu a partir de uma demanda do campus que necessitava de um sistema para controlar o rebanho caprino. Assim nasceu o \u2018Caprinfo\u2019 (uma jun\u00e7\u00e3o dos termos \u201cCapri\u201d de Caprino e \u201cinfo\u201d de Inform\u00e1tica). \u201cA medida que desenvolv\u00edamos o \u201cCaprinfo\u201d, novas ideias foram surgindo e ent\u00e3o resolvemos criar aplica\u00e7\u00f5es semelhantes para os outros setores: su\u00edno, bovino, etc. Mais tarde resolvemos embarcar essas aplica\u00e7\u00f5es em um s\u00f3 sistema\u201d, conta um dos desenvolvedores, professor Allan Delon Barbosa.<\/p>\n<p style=\"text-align: justify\">O sistema tem potencial para auxiliar docentes e discentes das \u00e1reas voltadas para zootecnia e agropecu\u00e1ria a medida em que facilita o acesso a dados que podem ser compilados e utilizados em trabalhos de pesquisa. \u201cAl\u00e9m desse uso administrativo e acad\u00eamico, n\u00e3o podemos menosprezar o potencial comercial dessa ferramenta no ramo pecuarista\u201d, complementa.<\/p>\n<p style=\"text-align: justify\">Por enquanto, o \u201cArk\u201d est\u00e1 em fase de implementa\u00e7\u00e3o de sua primeira vers\u00e3o que ir\u00e1 conter apenas a aplica\u00e7\u00e3o \u201cCaprinfo\u201d. Posteriormente, ser\u00e3o integradas, nas pr\u00f3ximas vers\u00f5es do sistema, as aplica\u00e7\u00f5es Suinfo, Bovinfo e Avinfo.<\/p>\n<p style=\"text-align: justify\"><strong>A f\u00e1brica na escola<\/strong><\/p>\n<p style=\"text-align: justify\">O grupo de estudos \u201cF\u00e1brica de Software\u201d, formado por professores e estudantes do curso t\u00e9cnico subsequente em Inform\u00e1tica, do Campus Santa In\u00eas, tem como objetivo o desenvolvimento de softwares, a partir do emprego de t\u00e9cnicas, tecnologias e ferramentas utilizadas pela ind\u00fastria do ramo.<\/p>\n<p style=\"text-align: justify\">Segundo o docente Allan Delon Barbosa, idealizador do projeto, a inten\u00e7\u00e3o \u00e9 tentar simular na escola um ambiente de trabalho de uma f\u00e1brica dessa natureza, a fim de aproximar os discentes do contexto do mercado de trabalho em Tecnologia da Informa\u00e7\u00e3o (T.I.).<\/p>\n\n\t\t<style type=\"text\/css\">\n\t\t\t#gallery-1 {\n\t\t\t\tmargin: auto;\n\t\t\t}\n\t\t\t#gallery-1 .gallery-item {\n\t\t\t\tfloat: left;\n\t\t\t\tmargin-top: 10px;\n\t\t\t\ttext-align: center;\n\t\t\t\twidth: 50%;\n\t\t\t}\n\t\t\t#gallery-1 img {\n\t\t\t\tborder: 2px solid #cfcfcf;\n\t\t\t}\n\t\t\t#gallery-1 .gallery-caption {\n\t\t\t\tmargin-left: 0;\n\t\t\t}\n\t\t\t\/* see gallery_shortcode() in wp-includes\/media.php *\/\n\t\t<\/style>\n\t\t<div id='gallery-1' class='gallery galleryid-11370 gallery-columns-2 gallery-size-medium'><dl class='gallery-item'>\n\t\t\t<dt class='gallery-icon landscape'>\n\t\t\t\t<a href='https:\/\/www.ifbaiano.edu.br\/unidades\/santaines\/pesquisadores-desenvolvem-sistema-para-controle-de-rebanhos-no-campus-santa-ines\/grupo-fabrica-software\/'><img width=\"300\" height=\"180\" src=\"https:\/\/www.ifbaiano.edu.br\/unidades\/santaines\/files\/2018\/12\/grupo-fabrica-software.jpg\" class=\"attachment-medium size-medium\" alt=\"\" decoding=\"async\" loading=\"lazy\" aria-describedby=\"gallery-1-11373\" \/><\/a>\n\t\t\t<\/dt>\n\t\t\t\t<dd class='wp-caption-text gallery-caption' id='gallery-1-11373'>\n\t\t\t\tMembros do grupo de estudos &#8220;F\u00e1brica de software&#8221;. \n\t\t\t\t<\/dd><\/dl><dl class='gallery-item'>\n\t\t\t<dt class='gallery-icon landscape'>\n\t\t\t\t<a href='https:\/\/www.ifbaiano.edu.br\/unidades\/santaines\/pesquisadores-desenvolvem-sistema-para-controle-de-rebanhos-no-campus-santa-ines\/sistema-ark-ifbaiano-sta-ines\/'><img width=\"300\" height=\"300\" src=\"https:\/\/www.ifbaiano.edu.br\/unidades\/santaines\/files\/2018\/12\/sistema-ark-ifbaiano-sta-ines.jpg\" class=\"attachment-medium size-medium\" alt=\"\" decoding=\"async\" loading=\"lazy\" aria-describedby=\"gallery-1-11372\" \/><\/a>\n\t\t\t<\/dt>\n\t\t\t\t<dd class='wp-caption-text gallery-caption' id='gallery-1-11372'>\n\t\t\t\tInterface do sistema &#8220;Ark&#8221;, desenvolvido no Campus Santa In\u00eas. \n\t\t\t\t<\/dd><\/dl><br style=\"clear: both\" \/>\n\t\t<\/div>\n\n","protected":false},"excerpt":{"rendered":"<p>Pesquisadores do grupo de estudos \u201cF\u00e1brica de software\u201d, do IF Baiano Campus Santa In\u00eas, desenvolveram um pacote de aplica\u00e7\u00f5es para gerenciamento zoot\u00e9cnico de rebanhos na unidade. O software, batizado de \u201cArk\u201d, uma alus\u00e3o \u00e0 Arca de No\u00e9, traz a possibilidade do cadastramento de animais, controle da natalidade, gera\u00e7\u00e3o de relat\u00f3rios com base em \u00edndices zoot\u00e9cnicos [&hellip;]<\/p>\n","protected":false},"author":76,"featured_media":11373,"comment_status":"closed","ping_status":"closed","sticky":false,"template":"","format":"standard","meta":[],"categories":[57],"tags":[],"_links":{"self":[{"href":"https:\/\/www.ifbaiano.edu.br\/unidades\/santaines\/wp-json\/wp\/v2\/posts\/11370"}],"collection":[{"href":"https:\/\/www.ifbaiano.edu.br\/unidades\/santaines\/wp-json\/wp\/v2\/posts"}],"about":[{"href":"https:\/\/www.ifbaiano.edu.br\/unidades\/santaines\/wp-json\/wp\/v2\/types\/post"}],"author":[{"embeddable":true,"href":"https:\/\/www.ifbaiano.edu.br\/unidades\/santaines\/wp-json\/wp\/v2\/users\/76"}],"replies":[{"embeddable":true,"href":"https:\/\/www.ifbaiano.edu.br\/unidades\/santaines\/wp-json\/wp\/v2\/comments?post=11370"}],"version-history":[{"count":4,"href":"https:\/\/www.ifbaiano.edu.br\/unidades\/santaines\/wp-json\/wp\/v2\/posts\/11370\/revisions"}],"predecessor-version":[{"id":11376,"href":"https:\/\/www.ifbaiano.edu.br\/unidades\/santaines\/wp-json\/wp\/v2\/posts\/11370\/revisions\/11376"}],"wp:featuredmedia":[{"embeddable":true,"href":"https:\/\/www.ifbaiano.edu.br\/unidades\/santaines\/wp-json\/wp\/v2\/media\/11373"}],"wp:attachment":[{"href":"https:\/\/www.ifbaiano.edu.br\/unidades\/santaines\/wp-json\/wp\/v2\/media?parent=11370"}],"wp:term":[{"taxonomy":"category","embeddable":true,"href":"https:\/\/www.ifbaiano.edu.br\/unidades\/santaines\/wp-json\/wp\/v2\/categories?post=11370"},{"taxonomy":"post_tag","embeddable":true,"href":"https:\/\/www.ifbaiano.edu.br\/unidades\/santaines\/wp-json\/wp\/v2\/tags?post=11370"}],"curies":[{"name":"wp","href":"https:\/\/api.w.org\/{rel}","templated":true}]}}