{"id":11397,"date":"2019-01-16T14:23:46","date_gmt":"2019-01-16T17:23:46","guid":{"rendered":"http:\/\/www.ifbaiano.edu.br\/unidades\/santaines\/?p=11397"},"modified":"2019-01-16T14:23:46","modified_gmt":"2019-01-16T17:23:46","slug":"aberta-inscricao-para-vagas-remanescentes-do-proeja","status":"publish","type":"post","link":"https:\/\/www.ifbaiano.edu.br\/unidades\/santaines\/aberta-inscricao-para-vagas-remanescentes-do-proeja\/","title":{"rendered":"Aberta inscri\u00e7\u00e3o para Vagas Remanescentes do PROEJA"},"content":{"rendered":"<p>Est\u00e3o abertas as inscri\u00e7\u00f5es para o processo de ingresso de estudantes no curso T\u00e9cnico em Agropecu\u00e1ria de N\u00edvel M\u00e9dio, atrav\u00e9s do Programa Nacional de Integra\u00e7\u00e3o da Educa\u00e7\u00e3o Profissional ao Ensino M\u00e9dio, na Modalidade de Educa\u00e7\u00e3o de Jovens e Adultos (EJA) &#8211; PROEJA, no Campus Santa In\u00eas. O curso \u00e9 destinado a candidatos que conclu\u00edram o Ensino Fundamental ou equivalente. S\u00e3o requisitos para ingresso nos cursos t\u00e9cnicos integrados presenciais do PROEJA:<\/p>\n<p>a) ter conclu\u00eddo o Ensino Fundamental at\u00e9 o dia da matr\u00edcula;<br \/>\nb) ter idade m\u00ednima de 18 anos at\u00e9 o dia da matr\u00edcula;<br \/>\nc) n\u00e3o possuir o Ensino M\u00e9dio completo;<br \/>\nd) n\u00e3o possuir o ensino superior;<br \/>\ne) ser classificado e convocado para a matr\u00edcula, conforme as regras deste Edital; e<br \/>\nf) no ato da matr\u00edcula, apresentar a documenta\u00e7\u00e3o completa exigida.<\/p>\n<p>Para mais informa\u00e7\u00f5es voc\u00ea pode acessar <a href=\"http:\/\/concurso.ifbaiano.edu.br\/portal\/proeja-2019\/\">Ingresso de Estudantes \u2013 PROEJA 2019<\/a>.<\/p>\n","protected":false},"excerpt":{"rendered":"<p>Est\u00e3o abertas as inscri\u00e7\u00f5es para o processo de ingresso de estudantes no curso T\u00e9cnico em Agropecu\u00e1ria de N\u00edvel M\u00e9dio, atrav\u00e9s do Programa Nacional de Integra\u00e7\u00e3o da Educa\u00e7\u00e3o Profissional ao Ensino M\u00e9dio, na Modalidade de Educa\u00e7\u00e3o de Jovens e Adultos (EJA) &#8211; PROEJA, no Campus Santa In\u00eas. O curso \u00e9 destinado a candidatos que conclu\u00edram o [&hellip;]<\/p>\n","protected":false},"author":102,"featured_media":0,"comment_status":"closed","ping_status":"closed","sticky":false,"template":"","format":"standard","meta":[],"categories":[4,13,6,10,8,57],"tags":[],"_links":{"self":[{"href":"https:\/\/www.ifbaiano.edu.br\/unidades\/santaines\/wp-json\/wp\/v2\/posts\/11397"}],"collection":[{"href":"https:\/\/www.ifbaiano.edu.br\/unidades\/santaines\/wp-json\/wp\/v2\/posts"}],"about":[{"href":"https:\/\/www.ifbaiano.edu.br\/unidades\/santaines\/wp-json\/wp\/v2\/types\/post"}],"author":[{"embeddable":true,"href":"https:\/\/www.ifbaiano.edu.br\/unidades\/santaines\/wp-json\/wp\/v2\/users\/102"}],"replies":[{"embeddable":true,"href":"https:\/\/www.ifbaiano.edu.br\/unidades\/santaines\/wp-json\/wp\/v2\/comments?post=11397"}],"version-history":[{"count":1,"href":"https:\/\/www.ifbaiano.edu.br\/unidades\/santaines\/wp-json\/wp\/v2\/posts\/11397\/revisions"}],"predecessor-version":[{"id":11398,"href":"https:\/\/www.ifbaiano.edu.br\/unidades\/santaines\/wp-json\/wp\/v2\/posts\/11397\/revisions\/11398"}],"wp:attachment":[{"href":"https:\/\/www.ifbaiano.edu.br\/unidades\/santaines\/wp-json\/wp\/v2\/media?parent=11397"}],"wp:term":[{"taxonomy":"category","embeddable":true,"href":"https:\/\/www.ifbaiano.edu.br\/unidades\/santaines\/wp-json\/wp\/v2\/categories?post=11397"},{"taxonomy":"post_tag","embeddable":true,"href":"https:\/\/www.ifbaiano.edu.br\/unidades\/santaines\/wp-json\/wp\/v2\/tags?post=11397"}],"curies":[{"name":"wp","href":"https:\/\/api.w.org\/{rel}","templated":true}]}}