{"id":11415,"date":"2019-01-30T14:42:17","date_gmt":"2019-01-30T17:42:17","guid":{"rendered":"http:\/\/www.ifbaiano.edu.br\/unidades\/santaines\/?p=11415"},"modified":"2019-02-01T12:58:10","modified_gmt":"2019-02-01T15:58:10","slug":"selecao-de-monitores-para-os-cursos-superiores-do-if-baiano-campus-santa-ines","status":"publish","type":"post","link":"https:\/\/www.ifbaiano.edu.br\/unidades\/santaines\/selecao-de-monitores-para-os-cursos-superiores-do-if-baiano-campus-santa-ines\/","title":{"rendered":"Sele\u00e7\u00e3o de Monitores para os Cursos Superiores do IF Baiano Campus Santa In\u00eas"},"content":{"rendered":"<div style=\"text-align: justify\">IF Baiano Campus Santa In\u00eas abre inscri\u00e7\u00f5es para\u00a0Sele\u00e7\u00e3o de Monitores Bolsistas e Volunt\u00e1rios dos Cursos Superiores (Licenciatura em Ci\u00eancias Biol\u00f3gicas, Licenciatura em Geografia e Bacharelado em Zootecnia).\u00a0S\u00e3o 06 vagas de monitoria remunerada, sendo duas por curso, conforme classifica\u00e7\u00e3o dos discentes inscritos, sendo as demais vagas destinadas a monitoria volunt\u00e1ria, conforme \u00e1rea de estudo\/disciplina constante no Edital.<\/div>\n<div style=\"text-align: justify\"><\/div>\n<div style=\"text-align: justify\">A sele\u00e7\u00e3o dos monitores bolsistas e volunt\u00e1rios ser\u00e1 realizada pela Comiss\u00e3o de Sele\u00e7\u00e3o de Monitoria, Coordenadores dos Cursos Superiores e docentes orientadores de cada Curso.<\/div>\n<div style=\"text-align: justify\"><\/div>\n<div style=\"text-align: justify\">O processo seletivo ser\u00e1 realizado em duas etapas, ambas de car\u00e1ter eliminat\u00f3rio:<\/div>\n<div style=\"text-align: justify\">1\u00aa etapa: An\u00e1lise do Hist\u00f3rico Escolar (fornecido pela Secretaria de Cursos e encaminhado \u00e0 Comiss\u00e3o) e Curr\u00edculo Lattes e;<\/div>\n<div style=\"text-align: justify\">2\u00aa etapa: Entrevista.<\/div>\n<div style=\"text-align: justify\">\u00a0<span style=\"color: #ffffff\">.<\/span><\/div>\n<div style=\"text-align: justify\">Todas as informa\u00e7\u00f5es sobre o processo seletivo est\u00e3o dispon\u00edveis no Edital.\u00a0<a href=\"http:\/\/concurso.ifbaiano.edu.br\/portal\/selecao-monitores-bolsistas-santa-ines-janeiro-2019\/\"><strong><span style=\"text-decoration: underline\">CLIQUE AQUI<\/span><\/strong>.<\/a><\/div>\n<hr \/>\n<p>&nbsp;<\/p>\n","protected":false},"excerpt":{"rendered":"<p>Inscri\u00e7\u00f5es na sala das Coordena\u00e7\u00f5es de Cursos Superiores do  Campus Santa In\u00eas, ou por e-mail, conforme disposto no Edital, no per\u00edodo de 30\/01 \u00e0 05\/02\/2019.<\/p>\n","protected":false},"author":86,"featured_media":0,"comment_status":"closed","ping_status":"closed","sticky":false,"template":"","format":"standard","meta":[],"categories":[4,38,12,5,8,1,57],"tags":[],"_links":{"self":[{"href":"https:\/\/www.ifbaiano.edu.br\/unidades\/santaines\/wp-json\/wp\/v2\/posts\/11415"}],"collection":[{"href":"https:\/\/www.ifbaiano.edu.br\/unidades\/santaines\/wp-json\/wp\/v2\/posts"}],"about":[{"href":"https:\/\/www.ifbaiano.edu.br\/unidades\/santaines\/wp-json\/wp\/v2\/types\/post"}],"author":[{"embeddable":true,"href":"https:\/\/www.ifbaiano.edu.br\/unidades\/santaines\/wp-json\/wp\/v2\/users\/86"}],"replies":[{"embeddable":true,"href":"https:\/\/www.ifbaiano.edu.br\/unidades\/santaines\/wp-json\/wp\/v2\/comments?post=11415"}],"version-history":[{"count":15,"href":"https:\/\/www.ifbaiano.edu.br\/unidades\/santaines\/wp-json\/wp\/v2\/posts\/11415\/revisions"}],"predecessor-version":[{"id":11430,"href":"https:\/\/www.ifbaiano.edu.br\/unidades\/santaines\/wp-json\/wp\/v2\/posts\/11415\/revisions\/11430"}],"wp:attachment":[{"href":"https:\/\/www.ifbaiano.edu.br\/unidades\/santaines\/wp-json\/wp\/v2\/media?parent=11415"}],"wp:term":[{"taxonomy":"category","embeddable":true,"href":"https:\/\/www.ifbaiano.edu.br\/unidades\/santaines\/wp-json\/wp\/v2\/categories?post=11415"},{"taxonomy":"post_tag","embeddable":true,"href":"https:\/\/www.ifbaiano.edu.br\/unidades\/santaines\/wp-json\/wp\/v2\/tags?post=11415"}],"curies":[{"name":"wp","href":"https:\/\/api.w.org\/{rel}","templated":true}]}}