{"id":11432,"date":"2019-02-01T12:56:49","date_gmt":"2019-02-01T15:56:49","guid":{"rendered":"http:\/\/www.ifbaiano.edu.br\/unidades\/santaines\/?p=11432"},"modified":"2019-02-19T09:06:44","modified_gmt":"2019-02-19T12:06:44","slug":"chamada-publica-3a-chamada-ingresso-de-estudantes-2019","status":"publish","type":"post","link":"https:\/\/www.ifbaiano.edu.br\/unidades\/santaines\/chamada-publica-3a-chamada-ingresso-de-estudantes-2019\/","title":{"rendered":"Chamada P\u00fablica &#8211; 3\u00aa Chamada"},"content":{"rendered":"<p style=\"text-align: justify\">O Diretor Geral do IF Baiano Campus Santa In\u00eas, divulga a Chamada P\u00fablica de Matr\u00edculas do Processo Seletivo 2019, para os cursos elencados a seguir, conforme edital de matr\u00edcula n\u00ba 12\/2018 para os Cursos T\u00e9cnicos Subsequentes ao Ensino M\u00e9dio e o Edital n\u00ba 13\/2018 para os Cursos T\u00e9cnicos Integrados ao Ensino M\u00e9dio:<\/p>\n<p style=\"text-align: justify\">&#8211; T\u00c9CNICO EM AGROPECU\u00c1RIA INTEGRADO AO ENSINO M\u00c9DIO \u2013 01 Vaga;<\/p>\n<p style=\"text-align: justify\">&#8211; T\u00c9CNICO EM ZOOTECNIA INTEGRADO AO ENSINO M\u00c9DIO \u2013 12 Vagas;<\/p>\n<p style=\"text-align: justify\">&#8211; T\u00c9CNICO EM ALIMENTOS INTEGRADO AO ENSINO M\u00c9DIO \u2013 10 Vagas;<\/p>\n<p style=\"text-align: justify\">&#8211; T\u00c9CNICO EM INFORM\u00c1TICA SUBSEQUENTE AO ENSINO M\u00c9DIO \u2013 21 Vagas.<\/p>\n<p style=\"text-align: justify\">Foram convocados o\u00a0quantitativo de candidatos referente a 5 (cinco) vezes o n\u00famero de vagas ainda existentes (vagas remanescentes), que ser\u00e3o pr\u00e9- matriculados pela ordem de classifica\u00e7\u00e3o at\u00e9 o preenchimento das vagas.<\/p>\n<p style=\"text-align: justify\"><strong>Os candidatos convocados devem comparecer\u00a0 do dia 12\/02\/2019, at\u00e9 as 9h45min<\/strong>. Ap\u00f3s este hor\u00e1rio, n\u00e3o ter\u00e3o direito a pleitear a vaga.<\/p>\n<p style=\"text-align: justify\"><strong>OBS: Todos os candidatos convocados para pleitear a vaga na Chamada P\u00fablica (3\u00aa chamada), devem comparecer ao local no hor\u00e1rio discriminado e munidos de todos os documentos exigidos para realiza\u00e7\u00e3o da matr\u00edcula.<\/strong><\/p>\n<p style=\"text-align: justify\"><a href=\"http:\/\/concurso.ifbaiano.edu.br\/portal\/ingresso-de-estudantes-2019\/wp-content\/uploads\/sites\/183\/2019\/02\/Retifica%C3%A7%C3%A3o-Chamada-P%C3%BAblica-de-Matr%C3%ADcula-3%C2%AA-Chamada-Santa-In%C3%AAs.pdf\"><strong>CLIQUE AQUI<\/strong><\/a> e veja os candidatos convocados.<\/p>\n<hr \/>\n","protected":false},"excerpt":{"rendered":"<p>Os candidatos convocados devem comparecer no dia 12\/02\/2019, at\u00e9 as 9h45min <\/p>\n","protected":false},"author":86,"featured_media":11433,"comment_status":"closed","ping_status":"closed","sticky":false,"template":"","format":"standard","meta":[],"categories":[4,13,10,8,57],"tags":[],"_links":{"self":[{"href":"https:\/\/www.ifbaiano.edu.br\/unidades\/santaines\/wp-json\/wp\/v2\/posts\/11432"}],"collection":[{"href":"https:\/\/www.ifbaiano.edu.br\/unidades\/santaines\/wp-json\/wp\/v2\/posts"}],"about":[{"href":"https:\/\/www.ifbaiano.edu.br\/unidades\/santaines\/wp-json\/wp\/v2\/types\/post"}],"author":[{"embeddable":true,"href":"https:\/\/www.ifbaiano.edu.br\/unidades\/santaines\/wp-json\/wp\/v2\/users\/86"}],"replies":[{"embeddable":true,"href":"https:\/\/www.ifbaiano.edu.br\/unidades\/santaines\/wp-json\/wp\/v2\/comments?post=11432"}],"version-history":[{"count":8,"href":"https:\/\/www.ifbaiano.edu.br\/unidades\/santaines\/wp-json\/wp\/v2\/posts\/11432\/revisions"}],"predecessor-version":[{"id":11452,"href":"https:\/\/www.ifbaiano.edu.br\/unidades\/santaines\/wp-json\/wp\/v2\/posts\/11432\/revisions\/11452"}],"wp:featuredmedia":[{"embeddable":true,"href":"https:\/\/www.ifbaiano.edu.br\/unidades\/santaines\/wp-json\/wp\/v2\/media\/11433"}],"wp:attachment":[{"href":"https:\/\/www.ifbaiano.edu.br\/unidades\/santaines\/wp-json\/wp\/v2\/media?parent=11432"}],"wp:term":[{"taxonomy":"category","embeddable":true,"href":"https:\/\/www.ifbaiano.edu.br\/unidades\/santaines\/wp-json\/wp\/v2\/categories?post=11432"},{"taxonomy":"post_tag","embeddable":true,"href":"https:\/\/www.ifbaiano.edu.br\/unidades\/santaines\/wp-json\/wp\/v2\/tags?post=11432"}],"curies":[{"name":"wp","href":"https:\/\/api.w.org\/{rel}","templated":true}]}}