{"id":11439,"date":"2019-02-05T08:38:31","date_gmt":"2019-02-05T11:38:31","guid":{"rendered":"http:\/\/www.ifbaiano.edu.br\/unidades\/santaines\/?p=11439"},"modified":"2019-02-05T08:38:31","modified_gmt":"2019-02-05T11:38:31","slug":"ii-edicao-da-operacao-beija-flor-ano-letivo-2018-acontece-no-proximo-sabado-no-campus-santa-ines","status":"publish","type":"post","link":"https:\/\/www.ifbaiano.edu.br\/unidades\/santaines\/ii-edicao-da-operacao-beija-flor-ano-letivo-2018-acontece-no-proximo-sabado-no-campus-santa-ines\/","title":{"rendered":"II Edi\u00e7\u00e3o da Opera\u00e7\u00e3o Beija-Flor, Ano Letivo 2018, acontece no pr\u00f3ximo s\u00e1bado, no Campus Santa In\u00eas"},"content":{"rendered":"<p style=\"text-align: justify\"><a href=\"http:\/\/www.ifbaiano.edu.br\/unidades\/santaines\/files\/2019\/02\/f2.jpg\"><img decoding=\"async\" loading=\"lazy\" class=\"alignleft size-thumbnail wp-image-11443\" src=\"http:\/\/www.ifbaiano.edu.br\/unidades\/santaines\/files\/2019\/02\/f2.jpg\" alt=\"f2\" width=\"150\" height=\"113\" \/><\/a>Conforme previsto no Planejamento Pedag\u00f3gico, no pr\u00f3ximo s<span id=\"OBJ_PREFIX_DWT326_com_zimbra_date\" class=\"Object\">\u00e1bado,<\/span>\u00a0dia\u00a0<span id=\"OBJ_PREFIX_DWT305_com_zimbra_date\" class=\"Object\"><span id=\"OBJ_PREFIX_DWT327_com_zimbra_date\" class=\"Object\">09\/02\/2019,<\/span><\/span>\u00a0acontece, no IF Baiano Campus Santa In\u00eas,\u00a0 a II Edi\u00e7\u00e3o da Opera\u00e7\u00e3o Beija-flor do Ano Letivo 2018. Participam dessa a\u00e7\u00e3o, todas as turmas dos Cursos T\u00e9cnicos Integrados.<br \/>\nA din\u00e2mica para esse dia ser\u00e1\u00a0uma reuni\u00e3o na \u00e1rea externa da biblioteca onde os grupos, acompanhados de um docente, ser\u00e3o encaminhados para as \u00e1reas do Campus para a coleta dos res\u00edduos S\u00f3lidos descartados de forma inadequada nos ambientes externos da Institui\u00e7\u00e3o.<\/p>\n<p style=\"text-align: justify\">Todos os docentes podem participar sendo necess\u00e1rio que comunique a suas turmas e sensibilize para a participa\u00e7\u00e3o, ressaltando que a atividade consiste na coleta de res\u00edduos s\u00f3lidos descartados inadequadamente e que, al\u00e9m de limpar o Campus, estaremos, ainda, evitando a prolifera\u00e7\u00e3o de animais vetores como o mosquito da dengue.<\/p>\n<p>Os discentes devem usar, obrigatoriamente: sapatos fechados, cal\u00e7a e camisa da farda; opcional: bon\u00e9, protetor solar e camisa de manga.<br \/>\nNa hora da coleta ser\u00e3o entregues sacos de lixo e luvas.<\/p>\n<p>Na <a href=\"http:\/\/www.ifbaiano.edu.br\/unidades\/santaines\/acontece-no-proximo-sabado-24-no-campus-santa-ines-a-i-edicao-da-operacao-beija-flor-do-ano-letivo-2018\/\">I Edi\u00e7\u00e3o de 2018<\/a> realizada em\u00a0<span id=\"OBJ_PREFIX_DWT307_com_zimbra_date\" class=\"Object\"><span id=\"OBJ_PREFIX_DWT329_com_zimbra_date\" class=\"Object\">24\/11\/2018<\/span><\/span>\u00a0foram coletados 303 kg de res\u00edduos.<\/p>\n<hr \/>\n<p style=\"text-align: justify\">\n","protected":false},"excerpt":{"rendered":"<p>Conforme previsto no Planejamento Pedag\u00f3gico, no pr\u00f3ximo s\u00e1bado,\u00a0dia\u00a009\/02\/2019,\u00a0acontece, no IF Baiano Campus Santa In\u00eas,\u00a0 a II Edi\u00e7\u00e3o da Opera\u00e7\u00e3o Beija-flor do Ano Letivo 2018. Participam dessa a\u00e7\u00e3o, todas as turmas dos Cursos T\u00e9cnicos Integrados. A din\u00e2mica para esse dia ser\u00e1\u00a0uma reuni\u00e3o na \u00e1rea externa da biblioteca onde os grupos, acompanhados de um docente, ser\u00e3o encaminhados [&hellip;]<\/p>\n","protected":false},"author":86,"featured_media":11446,"comment_status":"closed","ping_status":"closed","sticky":false,"template":"","format":"standard","meta":[],"categories":[4,38,19,13,10,57],"tags":[],"_links":{"self":[{"href":"https:\/\/www.ifbaiano.edu.br\/unidades\/santaines\/wp-json\/wp\/v2\/posts\/11439"}],"collection":[{"href":"https:\/\/www.ifbaiano.edu.br\/unidades\/santaines\/wp-json\/wp\/v2\/posts"}],"about":[{"href":"https:\/\/www.ifbaiano.edu.br\/unidades\/santaines\/wp-json\/wp\/v2\/types\/post"}],"author":[{"embeddable":true,"href":"https:\/\/www.ifbaiano.edu.br\/unidades\/santaines\/wp-json\/wp\/v2\/users\/86"}],"replies":[{"embeddable":true,"href":"https:\/\/www.ifbaiano.edu.br\/unidades\/santaines\/wp-json\/wp\/v2\/comments?post=11439"}],"version-history":[{"count":4,"href":"https:\/\/www.ifbaiano.edu.br\/unidades\/santaines\/wp-json\/wp\/v2\/posts\/11439\/revisions"}],"predecessor-version":[{"id":11447,"href":"https:\/\/www.ifbaiano.edu.br\/unidades\/santaines\/wp-json\/wp\/v2\/posts\/11439\/revisions\/11447"}],"wp:featuredmedia":[{"embeddable":true,"href":"https:\/\/www.ifbaiano.edu.br\/unidades\/santaines\/wp-json\/wp\/v2\/media\/11446"}],"wp:attachment":[{"href":"https:\/\/www.ifbaiano.edu.br\/unidades\/santaines\/wp-json\/wp\/v2\/media?parent=11439"}],"wp:term":[{"taxonomy":"category","embeddable":true,"href":"https:\/\/www.ifbaiano.edu.br\/unidades\/santaines\/wp-json\/wp\/v2\/categories?post=11439"},{"taxonomy":"post_tag","embeddable":true,"href":"https:\/\/www.ifbaiano.edu.br\/unidades\/santaines\/wp-json\/wp\/v2\/tags?post=11439"}],"curies":[{"name":"wp","href":"https:\/\/api.w.org\/{rel}","templated":true}]}}