{"id":1144,"date":"2012-02-09T12:34:54","date_gmt":"2012-02-09T15:34:54","guid":{"rendered":"http:\/\/www.ifbaiano.edu.br\/unidades\/santaines\/?p=1144"},"modified":"2012-02-09T12:38:15","modified_gmt":"2012-02-09T15:38:15","slug":"prazo-de-matricula-para-aprovados-nos-cursos-tecnicos-subsequentes-ead","status":"publish","type":"post","link":"https:\/\/www.ifbaiano.edu.br\/unidades\/santaines\/prazo-de-matricula-para-aprovados-nos-cursos-tecnicos-subsequentes-ead\/","title":{"rendered":"Prazo de Matr\u00edcula 2012 para aprovados nos Cursos T\u00e9cnicos Subseq\u00fcentes &#8211; EaD"},"content":{"rendered":"<p>O Instituto Federal Baiano informa que nos dias 13 e 14 de fevereiro de 2012<br \/>\n(das 8h \u00e0s 11h e das 14h \u00e0s 17h),  estar\u00e3o abertas Matr\u00edculas para os candidatos<br \/>\naprovados no Processo Seletivo de Cursos T\u00e9cnicos Subsequentes na modalidade a<br \/>\nDist\u00e2ncia. O candidato APROVADO s\u00f3 poder\u00e1 realizar matr\u00edcula no curso, turno e per\u00edodo<br \/>\npara o qual foi aprovado, munido dos documentos originais e entregar no ato da<br \/>\nmatr\u00edcula. <\/p>\n<p>Confiram a classifica\u00e7\u00e3o p\u00f3s-recurso aqui: <a href='http:\/\/www.ifbaiano.edu.br\/unidades\/santaines\/files\/2012\/02\/PRIMEIRA-CHAMADA-POS-RECURSOS1.pdf'>Primeira Chamada P\u00f3s-Recursos<\/a><\/p>\n<p>Para maiores informa\u00e7\u00f5es consulte o Comunicado Oficial: <a href='http:\/\/www.ifbaiano.edu.br\/unidades\/santaines\/files\/2012\/02\/COMUNICADO-CHAMADA-MATRICULA1.pdf'>Comunicado Oficial Chamada de Matr\u00edcula<\/a><\/p>\n<p>Voc\u00ea pode acompanhar novidades sobre este certame no endere\u00e7o: <a href=\"http:\/\/www.ifbaiano.edu.br\/concursos\/portal\/ead2012\/\">http:\/\/www.ifbaiano.edu.br\/concursos\/portal\/ead2012\/<\/a><\/p>\n","protected":false},"excerpt":{"rendered":"<p>O Instituto Federal Baiano informa que nos dias 13 e 14 de fevereiro de 2012 (das 8h \u00e0s 11h e das 14h \u00e0s 17h), estar\u00e3o abertas Matr\u00edculas para os candidatos aprovados no Processo Seletivo de Cursos T\u00e9cnicos Subsequentes na modalidade a Dist\u00e2ncia. O candidato APROVADO s\u00f3 poder\u00e1 realizar matr\u00edcula no curso, turno e per\u00edodo para [&hellip;]<\/p>\n","protected":false},"author":29,"featured_media":0,"comment_status":"closed","ping_status":"closed","sticky":false,"template":"","format":"standard","meta":[],"categories":[8],"tags":[],"_links":{"self":[{"href":"https:\/\/www.ifbaiano.edu.br\/unidades\/santaines\/wp-json\/wp\/v2\/posts\/1144"}],"collection":[{"href":"https:\/\/www.ifbaiano.edu.br\/unidades\/santaines\/wp-json\/wp\/v2\/posts"}],"about":[{"href":"https:\/\/www.ifbaiano.edu.br\/unidades\/santaines\/wp-json\/wp\/v2\/types\/post"}],"author":[{"embeddable":true,"href":"https:\/\/www.ifbaiano.edu.br\/unidades\/santaines\/wp-json\/wp\/v2\/users\/29"}],"replies":[{"embeddable":true,"href":"https:\/\/www.ifbaiano.edu.br\/unidades\/santaines\/wp-json\/wp\/v2\/comments?post=1144"}],"version-history":[{"count":6,"href":"https:\/\/www.ifbaiano.edu.br\/unidades\/santaines\/wp-json\/wp\/v2\/posts\/1144\/revisions"}],"predecessor-version":[{"id":1154,"href":"https:\/\/www.ifbaiano.edu.br\/unidades\/santaines\/wp-json\/wp\/v2\/posts\/1144\/revisions\/1154"}],"wp:attachment":[{"href":"https:\/\/www.ifbaiano.edu.br\/unidades\/santaines\/wp-json\/wp\/v2\/media?parent=1144"}],"wp:term":[{"taxonomy":"category","embeddable":true,"href":"https:\/\/www.ifbaiano.edu.br\/unidades\/santaines\/wp-json\/wp\/v2\/categories?post=1144"},{"taxonomy":"post_tag","embeddable":true,"href":"https:\/\/www.ifbaiano.edu.br\/unidades\/santaines\/wp-json\/wp\/v2\/tags?post=1144"}],"curies":[{"name":"wp","href":"https:\/\/api.w.org\/{rel}","templated":true}]}}