{"id":11457,"date":"2019-02-16T10:09:27","date_gmt":"2019-02-16T13:09:27","guid":{"rendered":"http:\/\/www.ifbaiano.edu.br\/unidades\/santaines\/?p=11457"},"modified":"2019-02-19T12:54:52","modified_gmt":"2019-02-19T15:54:52","slug":"publicado-o-edital-de-renovacao-de-matriculas-dos-cursos-integrados","status":"publish","type":"post","link":"https:\/\/www.ifbaiano.edu.br\/unidades\/santaines\/publicado-o-edital-de-renovacao-de-matriculas-dos-cursos-integrados\/","title":{"rendered":"Renova\u00e7\u00e3o de Matr\u00edcula 2019 Cursos T\u00e9cnicos de N\u00edvel M\u00e9dio"},"content":{"rendered":"<p style=\"text-align: justify\"><a href=\"http:\/\/www.ifbaiano.edu.br\/unidades\/santaines\/files\/2019\/02\/renovacao-matricula-santa-ines-2019.png\"><img decoding=\"async\" loading=\"lazy\" class=\"alignleft wp-image-11466\" src=\"http:\/\/www.ifbaiano.edu.br\/unidades\/santaines\/files\/2019\/02\/renovacao-matricula-santa-ines-2019.png\" alt=\"renovacao-matricula-santa-ines-2019\" width=\"377\" height=\"377\" \/><\/a>Caros alunos,<\/p>\n<p style=\"text-align: justify\">A Diretoria Acad\u00eamica informa e publica o Edital de Renova\u00e7\u00f5es das matr\u00edculas para os discentes dos cursos Integrados para o ano letivo de 2019.<\/p>\n<p style=\"text-align: justify\">Poder\u00e3o renovar a matr\u00edcula os estudantes regularmente matriculados nos Cursos da Educa\u00e7\u00e3o Profissional T\u00e9cnica de N\u00edvel M\u00e9dio na modalidade Integrada que estiverem cursando a 1\u00aa e 2\u00aa s\u00e9rie, aos estudantes reprovados na 3\u00aa s\u00e9rie e ao requerente que obteve sua reintegra\u00e7\u00e3o no curso aprovada pelo Conselho de Curso.<\/p>\n<p style=\"text-align: justify\"><strong>Para mais informa\u00e7\u00f5es acesse o\u00a0<a href=\"http:\/\/www.ifbaiano.edu.br\/unidades\/santaines\/files\/2019\/02\/edital_renovacao_matricula_integrado_2019.pdf\" target=\"_blank\">Edital de Renova\u00e7\u00e3o de Matricula<\/a>\u00a0(PDF).<\/strong><\/p>\n<hr \/>\n<p style=\"text-align: justify\">Diretoria Acad\u00eamica \/ Dire\u00e7\u00e3o Geral<\/p>\n","protected":false},"excerpt":{"rendered":"<p>A matr\u00edcula ser\u00e1 efetivada na Secretaria de Registros Acad\u00eamicos (SRA) do IF Baiano Campus Santa In\u00eas<\/p>\n","protected":false},"author":7,"featured_media":0,"comment_status":"closed","ping_status":"closed","sticky":false,"template":"","format":"standard","meta":[],"categories":[4,13,5,10,57],"tags":[],"_links":{"self":[{"href":"https:\/\/www.ifbaiano.edu.br\/unidades\/santaines\/wp-json\/wp\/v2\/posts\/11457"}],"collection":[{"href":"https:\/\/www.ifbaiano.edu.br\/unidades\/santaines\/wp-json\/wp\/v2\/posts"}],"about":[{"href":"https:\/\/www.ifbaiano.edu.br\/unidades\/santaines\/wp-json\/wp\/v2\/types\/post"}],"author":[{"embeddable":true,"href":"https:\/\/www.ifbaiano.edu.br\/unidades\/santaines\/wp-json\/wp\/v2\/users\/7"}],"replies":[{"embeddable":true,"href":"https:\/\/www.ifbaiano.edu.br\/unidades\/santaines\/wp-json\/wp\/v2\/comments?post=11457"}],"version-history":[{"count":10,"href":"https:\/\/www.ifbaiano.edu.br\/unidades\/santaines\/wp-json\/wp\/v2\/posts\/11457\/revisions"}],"predecessor-version":[{"id":11471,"href":"https:\/\/www.ifbaiano.edu.br\/unidades\/santaines\/wp-json\/wp\/v2\/posts\/11457\/revisions\/11471"}],"wp:attachment":[{"href":"https:\/\/www.ifbaiano.edu.br\/unidades\/santaines\/wp-json\/wp\/v2\/media?parent=11457"}],"wp:term":[{"taxonomy":"category","embeddable":true,"href":"https:\/\/www.ifbaiano.edu.br\/unidades\/santaines\/wp-json\/wp\/v2\/categories?post=11457"},{"taxonomy":"post_tag","embeddable":true,"href":"https:\/\/www.ifbaiano.edu.br\/unidades\/santaines\/wp-json\/wp\/v2\/tags?post=11457"}],"curies":[{"name":"wp","href":"https:\/\/api.w.org\/{rel}","templated":true}]}}