{"id":11474,"date":"2019-02-19T10:20:46","date_gmt":"2019-02-19T13:20:46","guid":{"rendered":"http:\/\/www.ifbaiano.edu.br\/unidades\/santaines\/?p=11474"},"modified":"2019-02-19T10:20:46","modified_gmt":"2019-02-19T13:20:46","slug":"operacao-beija-flor-ii-edicao-do-ano-letivo-de-2018","status":"publish","type":"post","link":"https:\/\/www.ifbaiano.edu.br\/unidades\/santaines\/operacao-beija-flor-ii-edicao-do-ano-letivo-de-2018\/","title":{"rendered":"Opera\u00e7\u00e3o Beija Flor &#8211; II Edi\u00e7\u00e3o do Ano Letivo de 2018"},"content":{"rendered":"<p style=\"text-align: justify\"><a href=\"http:\/\/www.ifbaiano.edu.br\/unidades\/santaines\/files\/2019\/02\/DSC04533.jpg\"><img decoding=\"async\" loading=\"lazy\" class=\"alignleft  wp-image-11475\" src=\"http:\/\/www.ifbaiano.edu.br\/unidades\/santaines\/files\/2019\/02\/DSC04533.jpg\" alt=\"DSC04533\" width=\"500\" height=\"375\" \/><\/a>No dia\u00a0<span id=\"OBJ_PREFIX_DWT82_com_zimbra_date\" class=\"Object\">09\u00a0de fevereiro de 2019<\/span>\u00a0foi realizada, no Campus Santa In\u00eas,\u00a0a II Edi\u00e7\u00e3o da Opera\u00e7\u00e3o Beija-flor do ano letivo de 2018. Essa \u00e9 uma atividade de Educa\u00e7\u00e3o Ambiental e tem por objetivo recolher os res\u00edduos s\u00f3lidos descartados inadequadamente nas \u00e1reas verdes do Campus, reduzindo os impactos ambientais e os focos de prolifera\u00e7\u00e3o do mosquito Aedes aegypti.<\/p>\n<p>Nesta edi\u00e7\u00e3o, participaram 21 docentes e 374 discentes. Formam recolhidos 94 kg de lixo (res\u00edduos sem condi\u00e7\u00f5es de ser reciclado). Esse volume corresponde a, aproximadamente, 30% dos 303 kg recolhidos na primeira edi\u00e7\u00e3o de 2018, realizada em\u00a0<span id=\"OBJ_PREFIX_DWT84_com_zimbra_date\" class=\"Object\">24\u00a0de novembro de 2018<\/span>.<\/p>\n<p>Essa atividade tem sido realizada desde 2014 e j\u00e1 retirou dos ambientes externos do Campus, aproximadamente, 1.000 (mil) kg de lixo (material que n\u00e3o tem condi\u00e7\u00e3o de ser separado e destinado adequadamente).<\/p>\n<p style=\"text-align: justify\">A atividade tem contribu\u00eddo, tamb\u00e9m, para arboriza\u00e7\u00e3o do Campus com o plantio, at\u00e9 o momento, de mais de quatrocentas mudas de ess\u00eancias florestais e frut\u00edferas.<\/p>\n<p style=\"text-align: justify\">A suspens\u00e3o da oferta de copos descart\u00e1veis no refeit\u00f3rio tamb\u00e9m foi resultado dessa atividade, por iniciativa dos pr\u00f3prios discentes, durante discuss\u00e3o realizada ap\u00f3s uma das coletas.<\/p>\n<p style=\"text-align: justify\">Foi criado, ainda, em uma das edi\u00e7\u00f5es, o Grupo de Estudos Reflorestar (GER) que tem sido importante na produ\u00e7\u00e3o de mudas e arboriza\u00e7\u00e3o do campus, sob a coordena\u00e7\u00e3o do Professor Jovan de Jesus.<\/p>\n<p style=\"text-align: justify\">Dessa opera\u00e7\u00e3o Beija Flor, ser\u00e1 criado, tamb\u00e9m,\u00a0outro grupo de estudos que ter\u00e1 como objetivo, contribuir para a promo\u00e7\u00e3o de a\u00e7\u00f5es desta natureza, dentre as quais, a reciclagem de papel para uso em atividades pedag\u00f3gicas.<\/p>\n\n\t\t<style type=\"text\/css\">\n\t\t\t#gallery-1 {\n\t\t\t\tmargin: auto;\n\t\t\t}\n\t\t\t#gallery-1 .gallery-item {\n\t\t\t\tfloat: left;\n\t\t\t\tmargin-top: 10px;\n\t\t\t\ttext-align: center;\n\t\t\t\twidth: 33%;\n\t\t\t}\n\t\t\t#gallery-1 img {\n\t\t\t\tborder: 2px solid #cfcfcf;\n\t\t\t}\n\t\t\t#gallery-1 .gallery-caption {\n\t\t\t\tmargin-left: 0;\n\t\t\t}\n\t\t\t\/* see gallery_shortcode() in wp-includes\/media.php *\/\n\t\t<\/style>\n\t\t<div id='gallery-1' class='gallery galleryid-11474 gallery-columns-3 gallery-size-medium'><dl class='gallery-item'>\n\t\t\t<dt class='gallery-icon landscape'>\n\t\t\t\t<img width=\"300\" height=\"225\" src=\"https:\/\/www.ifbaiano.edu.br\/unidades\/santaines\/files\/2019\/02\/DSC04514.jpg\" class=\"attachment-medium size-medium\" alt=\"\" decoding=\"async\" loading=\"lazy\" \/>\n\t\t\t<\/dt><\/dl><dl class='gallery-item'>\n\t\t\t<dt class='gallery-icon landscape'>\n\t\t\t\t<img width=\"300\" height=\"225\" src=\"https:\/\/www.ifbaiano.edu.br\/unidades\/santaines\/files\/2019\/02\/DSC04515.jpg\" class=\"attachment-medium size-medium\" alt=\"\" decoding=\"async\" loading=\"lazy\" \/>\n\t\t\t<\/dt><\/dl><dl class='gallery-item'>\n\t\t\t<dt class='gallery-icon landscape'>\n\t\t\t\t<img width=\"300\" height=\"225\" src=\"https:\/\/www.ifbaiano.edu.br\/unidades\/santaines\/files\/2019\/02\/DSC04517.jpg\" class=\"attachment-medium size-medium\" alt=\"\" decoding=\"async\" loading=\"lazy\" \/>\n\t\t\t<\/dt><\/dl><br style=\"clear: both\" \/><dl class='gallery-item'>\n\t\t\t<dt class='gallery-icon landscape'>\n\t\t\t\t<img width=\"300\" height=\"225\" src=\"https:\/\/www.ifbaiano.edu.br\/unidades\/santaines\/files\/2019\/02\/DSC04523.jpg\" class=\"attachment-medium size-medium\" alt=\"\" decoding=\"async\" loading=\"lazy\" \/>\n\t\t\t<\/dt><\/dl><dl class='gallery-item'>\n\t\t\t<dt class='gallery-icon landscape'>\n\t\t\t\t<img width=\"300\" height=\"225\" src=\"https:\/\/www.ifbaiano.edu.br\/unidades\/santaines\/files\/2019\/02\/DSC04524.jpg\" class=\"attachment-medium size-medium\" alt=\"\" decoding=\"async\" loading=\"lazy\" \/>\n\t\t\t<\/dt><\/dl><dl class='gallery-item'>\n\t\t\t<dt class='gallery-icon landscape'>\n\t\t\t\t<img width=\"300\" height=\"225\" src=\"https:\/\/www.ifbaiano.edu.br\/unidades\/santaines\/files\/2019\/02\/DSC04525.jpg\" class=\"attachment-medium size-medium\" alt=\"\" decoding=\"async\" loading=\"lazy\" \/>\n\t\t\t<\/dt><\/dl><br style=\"clear: both\" \/>\n\t\t<\/div>\n\n<hr \/>\n<p style=\"text-align: justify\">\n","protected":false},"excerpt":{"rendered":"<p>Atividade foi realizada no dia 09 de fevereiro de 2019<\/p>\n","protected":false},"author":86,"featured_media":11480,"comment_status":"closed","ping_status":"closed","sticky":false,"template":"","format":"standard","meta":[],"categories":[4,13,10,57],"tags":[],"_links":{"self":[{"href":"https:\/\/www.ifbaiano.edu.br\/unidades\/santaines\/wp-json\/wp\/v2\/posts\/11474"}],"collection":[{"href":"https:\/\/www.ifbaiano.edu.br\/unidades\/santaines\/wp-json\/wp\/v2\/posts"}],"about":[{"href":"https:\/\/www.ifbaiano.edu.br\/unidades\/santaines\/wp-json\/wp\/v2\/types\/post"}],"author":[{"embeddable":true,"href":"https:\/\/www.ifbaiano.edu.br\/unidades\/santaines\/wp-json\/wp\/v2\/users\/86"}],"replies":[{"embeddable":true,"href":"https:\/\/www.ifbaiano.edu.br\/unidades\/santaines\/wp-json\/wp\/v2\/comments?post=11474"}],"version-history":[{"count":3,"href":"https:\/\/www.ifbaiano.edu.br\/unidades\/santaines\/wp-json\/wp\/v2\/posts\/11474\/revisions"}],"predecessor-version":[{"id":11484,"href":"https:\/\/www.ifbaiano.edu.br\/unidades\/santaines\/wp-json\/wp\/v2\/posts\/11474\/revisions\/11484"}],"wp:featuredmedia":[{"embeddable":true,"href":"https:\/\/www.ifbaiano.edu.br\/unidades\/santaines\/wp-json\/wp\/v2\/media\/11480"}],"wp:attachment":[{"href":"https:\/\/www.ifbaiano.edu.br\/unidades\/santaines\/wp-json\/wp\/v2\/media?parent=11474"}],"wp:term":[{"taxonomy":"category","embeddable":true,"href":"https:\/\/www.ifbaiano.edu.br\/unidades\/santaines\/wp-json\/wp\/v2\/categories?post=11474"},{"taxonomy":"post_tag","embeddable":true,"href":"https:\/\/www.ifbaiano.edu.br\/unidades\/santaines\/wp-json\/wp\/v2\/tags?post=11474"}],"curies":[{"name":"wp","href":"https:\/\/api.w.org\/{rel}","templated":true}]}}