{"id":11485,"date":"2019-02-19T12:53:07","date_gmt":"2019-02-19T15:53:07","guid":{"rendered":"http:\/\/www.ifbaiano.edu.br\/unidades\/santaines\/?p=11485"},"modified":"2019-02-20T17:55:08","modified_gmt":"2019-02-20T20:55:08","slug":"campus-santa-ines-abre-inscricoes-para-as-vagas-remanescentes-do-curso-tecnico-em-informatica","status":"publish","type":"post","link":"https:\/\/www.ifbaiano.edu.br\/unidades\/santaines\/campus-santa-ines-abre-inscricoes-para-as-vagas-remanescentes-do-curso-tecnico-em-informatica\/","title":{"rendered":"Campus Santa In\u00eas abre Inscri\u00e7\u00f5es para as Vagas Remanescentes do Curso T\u00e9cnico em Inform\u00e1tica"},"content":{"rendered":"<p style=\"text-align: justify\"><a href=\"http:\/\/www.ifbaiano.edu.br\/unidades\/santaines\/files\/2019\/02\/remanescentes-informatica-fevereiro-2019-santa-ines.png\"><img decoding=\"async\" loading=\"lazy\" class=\"alignleft wp-image-11489\" src=\"http:\/\/www.ifbaiano.edu.br\/unidades\/santaines\/files\/2019\/02\/remanescentes-informatica-fevereiro-2019-santa-ines.png\" alt=\"remanescentes-informatica-fevereiro-2019-santa-ines\" width=\"452\" height=\"452\" \/><\/a>Trata-se do Curso T\u00e9cnico em Inform\u00e1tica na Modalidade SUBSEQUENTE. Esse curso \u00e9 destinado a candidatos que conclu\u00edram o Ensino M\u00e9dio ou equivalente, possibilitando ao aluno conhecimentos das compet\u00eancias da Educa\u00e7\u00e3o T\u00e9cnica Profissional.\u00a0<span lang=\"pt-BR\">O curso ser\u00e1 gratuito e a sele\u00e7\u00e3o para provimento das vagas <\/span><span lang=\"pt-BR\"><b>ocorrer\u00e1 de acordo com a an\u00e1lise do hist\u00f3rico escolar dos candidatos, respeitando os sistemas de vagas observados pelo IF Baiano.\u00a0<\/b><\/span><\/p>\n<p style=\"text-align: justify\"><span lang=\"pt-BR\">O Processo de Ingresso de Estudantes do IF Baiano <\/span><span lang=\"pt-BR\"><i>Campus<\/i><\/span><span lang=\"pt-BR\"> Santa In\u00eas ocorrer\u00e1 por meio de tr\u00eas sistemas de vagas: <\/span><span lang=\"pt-BR\"><b>Ampla Concorr\u00eancia <\/b><\/span><span lang=\"pt-BR\">(25%)<\/span><span lang=\"pt-BR\"><b>, Reserva de Vagas para estudantes oriundos de Escolas P\u00fablicas <\/b><\/span><span lang=\"pt-BR\">(70%) <\/span><span lang=\"pt-BR\"><b>e Reserva de Vagas para Pessoas com Defici\u00eancia <\/b><\/span><span lang=\"pt-BR\">(5%).<\/span><\/p>\n<p style=\"text-align: justify\"><span lang=\"pt-BR\">Os candidatos que realizarem op\u00e7\u00e3o por cotas para estudantes oriundos de escolas p\u00fablicas dever\u00e3o comprovar ter cursado todo o ensino fundamental em escola p\u00fablica.\u00a0<\/span><\/p>\n<p lang=\"en-US\" style=\"text-align: justify\"><span style=\"font-size: small\"><span style=\"font-size: medium\"><span lang=\"pt-BR\">Para ingresso, o estudante deve ter conclu\u00eddo o Ensino M\u00e9dio ou equivalente at\u00e9 o dia da<\/span><\/span> <span style=\"font-size: medium\"><span lang=\"pt-BR\">matr\u00edcula e,\u00a0<\/span><\/span><\/span>no ato da matr\u00edcula, apresentar toda documenta\u00e7\u00e3o exigida.<\/p>\n<p lang=\"en-US\" style=\"text-align: justify\"><strong><span style=\"font-size: small\"><span style=\"font-size: medium\"><span lang=\"pt-BR\">A inscri\u00e7\u00e3o ser\u00e1 realizada das 8h \u00e0s 10h do dia 22 de fevereiro de 2019, no audit\u00f3rio da biblioteca do IF Baiano <\/span><\/span><span style=\"font-size: medium\"><span lang=\"pt-BR\"><i>Campus<\/i><\/span><\/span><span style=\"font-size: medium\"><span lang=\"pt-BR\"> Santa In\u00eas.\u00a0<\/span><\/span><\/span><\/strong><\/p>\n<p lang=\"en-US\" style=\"text-align: justify\"><span style=\"font-size: small\"><span style=\"font-size: medium\"><span lang=\"pt-BR\"> A sele\u00e7\u00e3o ser\u00e1 realizada mediante <\/span><\/span><span style=\"font-size: medium\"><span lang=\"pt-BR\"><b>analise do hist\u00f3rico escolar dos candidatos<\/b><\/span><\/span><span style=\"font-size: medium\"><span lang=\"pt-BR\"> e acontecer\u00e1, tamb\u00e9m, no dia 22 de fevereiro de 2019, logo ap\u00f3s a realiza\u00e7\u00e3o das inscri\u00e7\u00f5es.\u00a0<\/span><\/span><\/span><\/p>\n<p lang=\"en-US\" style=\"text-align: justify\"><span style=\"font-size: small\"><span style=\"font-size: medium\"><span lang=\"pt-BR\">A classifica\u00e7\u00e3o dos candidatos ser\u00e1 divulgada no dia 25 de fevereiro de 2019, na p\u00e1gina eletr\u00f4nica <\/span><\/span><span style=\"color: #0000ff\"><u><a href=\"http:\/\/www.ifbaiano.edu.br\/unidades\/santaines\/\"><span style=\"color: #00000a\"><span style=\"font-size: medium\"><span lang=\"pt-BR\">http:\/\/www.ifbaiano.edu.br\/unidades\/santaines<\/span><\/span><\/span><\/a><\/u><\/span><span style=\"font-size: medium\"><span lang=\"pt-BR\">.\u00a0\u00a0\u00c9 de responsabilidade exclusiva do candidato acompanhar a publica\u00e7\u00e3o e a divulga\u00e7\u00e3o na p\u00e1gina.<\/span><\/span><\/span><\/p>\n<p lang=\"en-US\" style=\"text-align: justify\"><span style=\"font-size: small\"><span style=\"font-size: medium\"><span lang=\"pt-BR\">A matr\u00edcula dos candidatos selecionados ser\u00e1 realizada na Secretaria de Registros Acad\u00eamicos<\/span><\/span> <span style=\"font-size: medium\"><span lang=\"pt-BR\">do <\/span><\/span><span style=\"font-size: medium\"><span lang=\"pt-BR\"><i>Campus<\/i><\/span><\/span><span style=\"font-size: medium\"><span lang=\"pt-BR\"><i> Santa In\u00eas<\/i><\/span><\/span><span style=\"font-size: medium\"><span lang=\"pt-BR\">, no dia 26 de fevereiro de 2019.\u00a0<\/span><\/span><\/span><\/p>\n<hr \/>\n<h2 style=\"text-align: justify\"><a href=\"http:\/\/www.ifbaiano.edu.br\/unidades\/santaines\/files\/2019\/02\/Vagas-Remanescentes_Inform\u00e1tica.pdf\">Para maiores informa\u00e7\u00f5es, acessar o <strong>EDITAL<\/strong> aqui<\/a><\/h2>\n<p>&nbsp;<\/p>\n<hr \/>\n","protected":false},"excerpt":{"rendered":"<p>Inscri\u00e7\u00f5es dia 22 de fevereiro de 2019<\/p>\n","protected":false},"author":86,"featured_media":0,"comment_status":"closed","ping_status":"closed","sticky":false,"template":"","format":"standard","meta":[],"categories":[4,13,5,10,8,1,57],"tags":[],"_links":{"self":[{"href":"https:\/\/www.ifbaiano.edu.br\/unidades\/santaines\/wp-json\/wp\/v2\/posts\/11485"}],"collection":[{"href":"https:\/\/www.ifbaiano.edu.br\/unidades\/santaines\/wp-json\/wp\/v2\/posts"}],"about":[{"href":"https:\/\/www.ifbaiano.edu.br\/unidades\/santaines\/wp-json\/wp\/v2\/types\/post"}],"author":[{"embeddable":true,"href":"https:\/\/www.ifbaiano.edu.br\/unidades\/santaines\/wp-json\/wp\/v2\/users\/86"}],"replies":[{"embeddable":true,"href":"https:\/\/www.ifbaiano.edu.br\/unidades\/santaines\/wp-json\/wp\/v2\/comments?post=11485"}],"version-history":[{"count":11,"href":"https:\/\/www.ifbaiano.edu.br\/unidades\/santaines\/wp-json\/wp\/v2\/posts\/11485\/revisions"}],"predecessor-version":[{"id":11511,"href":"https:\/\/www.ifbaiano.edu.br\/unidades\/santaines\/wp-json\/wp\/v2\/posts\/11485\/revisions\/11511"}],"wp:attachment":[{"href":"https:\/\/www.ifbaiano.edu.br\/unidades\/santaines\/wp-json\/wp\/v2\/media?parent=11485"}],"wp:term":[{"taxonomy":"category","embeddable":true,"href":"https:\/\/www.ifbaiano.edu.br\/unidades\/santaines\/wp-json\/wp\/v2\/categories?post=11485"},{"taxonomy":"post_tag","embeddable":true,"href":"https:\/\/www.ifbaiano.edu.br\/unidades\/santaines\/wp-json\/wp\/v2\/tags?post=11485"}],"curies":[{"name":"wp","href":"https:\/\/api.w.org\/{rel}","templated":true}]}}