{"id":11513,"date":"2019-02-20T17:52:34","date_gmt":"2019-02-20T20:52:34","guid":{"rendered":"http:\/\/www.ifbaiano.edu.br\/unidades\/santaines\/?p=11513"},"modified":"2019-02-25T13:36:33","modified_gmt":"2019-02-25T16:36:33","slug":"avaliacao-institucional","status":"publish","type":"post","link":"https:\/\/www.ifbaiano.edu.br\/unidades\/santaines\/avaliacao-institucional\/","title":{"rendered":"CPA convida Comunidade Acad\u00eamica a Participar"},"content":{"rendered":"<p style=\"text-align: justify\">A autoavalia\u00e7\u00e3o Institucional \u00e9 um dos componentes do Sistema Nacional de Avalia\u00e7\u00e3o da Educa\u00e7\u00e3o Superior (SINAES), que tem como base a Lei n\u00ba 10.861\/04 e objetiva buscar melhorias na qualidade da educa\u00e7\u00e3o superior, na sua oferta e efic\u00e1cia institucional, bem como a efetividade acad\u00eamica e social, na transpar\u00eancia, promo\u00e7\u00e3o de valores democr\u00e1ticos, de respeito \u00e0 diferen\u00e7a e \u00e0 diversidade e na autonomia institucional.<\/p>\n<p style=\"text-align: justify\">A comiss\u00e3o pr\u00f3pria de avalia\u00e7\u00e3o (CPA) \u00e9 respons\u00e1vel pela condu\u00e7\u00e3o da autoavalia\u00e7\u00e3o Institucional. No IF Baiano temos uma Comiss\u00e3o Central e as Comiss\u00f5es Locais, as quais s\u00e3o respons\u00e1veis pela promo\u00e7\u00e3o da avalia\u00e7\u00e3o institucional observando o SINAES.<\/p>\n<p style=\"text-align: justify\">A CPA, <em>campus<\/em> Santa In\u00eas, conclama os membros da comunidade acad\u00eamica (Discentes, T\u00e9cnico-Administrativos e Docentes), que atuam nos cursos de n\u00edvel superior, a manifestarem sua opini\u00e3o a respeito da Institui\u00e7\u00e3o.<\/p>\n<p style=\"text-align: justify\">Participem da Autoavalia\u00e7\u00e3o Institucional, referente ao ano de 2018, respondendo ao question\u00e1rio dispon\u00edvel no link abaixo, at\u00e9 o dia 28\/02\/2019:<\/p>\n<p style=\"text-align: justify\"><a href=\"https:\/\/docs.google.com\/forms\/d\/e\/1FAIpQLSfwCP89_R6xDE604_A3tKOBRWIDyTbFeNKxohXmquAAlUQtvg\/viewform?vc=0&amp;c=0&amp;w=1\">https:\/\/docs.google.com\/forms\/d\/e\/1FAIpQLSfwCP89_R6xDE604_A3tKOBRWIDyTbFeNKxohXmquAAlUQtvg\/viewform?vc=0&amp;c=0&amp;w=1<\/a><\/p>\n<p style=\"text-align: justify\">Destaca-se que esta avalia\u00e7\u00e3o se faz necess\u00e1ria para atender a uma exig\u00eancia do MEC que utilizar\u00e1 o relat\u00f3rio a ser preparado por esta Comiss\u00e3o para verificar o andamento dos trabalhos desenvolvidos no \u00e2mbito do Ensino, Pesquisa, Extens\u00e3o e da Gest\u00e3o Administrativa do <em>campus<\/em> Santa In\u00eas.<\/p>\n<p style=\"text-align: justify\">Aten\u00e7\u00e3o: A CPA recomenda que, ap\u00f3s direcionamento para o preenchimento do referido question\u00e1rio,\u00a0esteja logado em sua respectiva conta no \u201cGoogle\u201d (Gmail, Youtube, etc.).<\/p>\n<hr \/>\n<p style=\"text-align: justify\">Comiss\u00e3o Pr\u00f3pria Avalia\u00e7\u00e3o do <em>Campus <\/em><a href=\"http:\/\/www.ifbaiano.edu.br\/unidades\/santaines\/files\/2019\/02\/avaliacao-institucional-santa-ines.jpg\"><br \/>\n<\/a><\/p>\n","protected":false},"excerpt":{"rendered":"<p>A Autoavalia\u00e7\u00e3o Institucional, referente ao ano de 2018, acontece at\u00e9 o dia 28\/02\/2019<\/p>\n","protected":false},"author":86,"featured_media":11514,"comment_status":"closed","ping_status":"closed","sticky":false,"template":"","format":"standard","meta":[],"categories":[4,38,12,5,10,57],"tags":[],"_links":{"self":[{"href":"https:\/\/www.ifbaiano.edu.br\/unidades\/santaines\/wp-json\/wp\/v2\/posts\/11513"}],"collection":[{"href":"https:\/\/www.ifbaiano.edu.br\/unidades\/santaines\/wp-json\/wp\/v2\/posts"}],"about":[{"href":"https:\/\/www.ifbaiano.edu.br\/unidades\/santaines\/wp-json\/wp\/v2\/types\/post"}],"author":[{"embeddable":true,"href":"https:\/\/www.ifbaiano.edu.br\/unidades\/santaines\/wp-json\/wp\/v2\/users\/86"}],"replies":[{"embeddable":true,"href":"https:\/\/www.ifbaiano.edu.br\/unidades\/santaines\/wp-json\/wp\/v2\/comments?post=11513"}],"version-history":[{"count":5,"href":"https:\/\/www.ifbaiano.edu.br\/unidades\/santaines\/wp-json\/wp\/v2\/posts\/11513\/revisions"}],"predecessor-version":[{"id":11519,"href":"https:\/\/www.ifbaiano.edu.br\/unidades\/santaines\/wp-json\/wp\/v2\/posts\/11513\/revisions\/11519"}],"wp:featuredmedia":[{"embeddable":true,"href":"https:\/\/www.ifbaiano.edu.br\/unidades\/santaines\/wp-json\/wp\/v2\/media\/11514"}],"wp:attachment":[{"href":"https:\/\/www.ifbaiano.edu.br\/unidades\/santaines\/wp-json\/wp\/v2\/media?parent=11513"}],"wp:term":[{"taxonomy":"category","embeddable":true,"href":"https:\/\/www.ifbaiano.edu.br\/unidades\/santaines\/wp-json\/wp\/v2\/categories?post=11513"},{"taxonomy":"post_tag","embeddable":true,"href":"https:\/\/www.ifbaiano.edu.br\/unidades\/santaines\/wp-json\/wp\/v2\/tags?post=11513"}],"curies":[{"name":"wp","href":"https:\/\/api.w.org\/{rel}","templated":true}]}}