{"id":11528,"date":"2019-02-25T12:58:10","date_gmt":"2019-02-25T15:58:10","guid":{"rendered":"http:\/\/www.ifbaiano.edu.br\/unidades\/santaines\/?p=11528"},"modified":"2019-02-25T13:30:48","modified_gmt":"2019-02-25T16:30:48","slug":"publicado-o-resultado-do-processo-seletivo-para-ingresso-de-estudantes-em-vagas-remanescentes-do-curso-subsequente-de-informatica","status":"publish","type":"post","link":"https:\/\/www.ifbaiano.edu.br\/unidades\/santaines\/publicado-o-resultado-do-processo-seletivo-para-ingresso-de-estudantes-em-vagas-remanescentes-do-curso-subsequente-de-informatica\/","title":{"rendered":"Resultado do Processo Seletivo &#8211; Curso Subsequente de Inform\u00e1tica"},"content":{"rendered":"<div style=\"text-align: justify\">Conforme previsto no <a href=\"http:\/\/www.ifbaiano.edu.br\/unidades\/santaines\/files\/2019\/02\/Vagas-Remanescentes_Inform%C3%A1tica.pdf\"><strong>Edital<\/strong><\/a>, saiu a classifica\u00e7\u00e3o dos candidatos \u00e0s vagas remanescentes do Curso T\u00e9cnico em Inform\u00e1tica Turma 2019.1 . <span style=\"color: #0000ff\"><a style=\"color: #0000ff\" href=\"http:\/\/www.ifbaiano.edu.br\/unidades\/santaines\/files\/2019\/02\/Resultado-do-Processo-Seletivo-Inform\u00e1tica_-Vagas-Remanescentes_2019.1.pdf\"><strong>CLIQUE AQUI<\/strong><\/a><\/span> para acessar a lista de candidatos selecionados.<\/div>\n<div style=\"text-align: justify\"><\/div>\n<div style=\"text-align: justify\">A matr\u00edcula dos candidatos classificados ser\u00e1 realizada na Secretaria de Registros Acad\u00eamicos (SRA) do Campus Santa In\u00eas, no dia<strong> 26 de fevereiro de 2019<\/strong>.<\/div>\n<div style=\"text-align: justify\"><\/div>\n<div style=\"text-align: justify\">Conforme previsto no Edital, o candidato classificado ou respons\u00e1vel dever\u00e1 realizar a matr\u00edcula pessoalmente ou por procura\u00e7\u00e3o, desde que o procurador apresente, al\u00e9m da procura\u00e7\u00e3o, c\u00f3pia de documento oficial de identifica\u00e7\u00e3o do candidato classificado, com foto, e documento de identifica\u00e7\u00e3o oficial (original e c\u00f3pia), com foto, do procurador.<\/div>\n<div style=\"text-align: justify\"><\/div>\n<div style=\"text-align: justify\">\u00c9 de extrema import\u00e2ncia que os candidatos classificados se dirijam a SRA munidos de TODOS os documentos solicitados no Edital, para o ato da matr\u00edcula.<\/div>\n<div style=\"text-align: justify\"><\/div>\n<div style=\"text-align: justify\">Quanto aos candidatos que ficaram na lista de espera, recomenda-se que os mesmos fiquem atentos a poss\u00edveis chamadas que poder\u00e3o ocorrer, caso\u00a0algum(ns)\u00a0candidato(s) classificado(s) n\u00e3o compare\u00e7a(m) para se matricular(em).<\/div>\n<div style=\"text-align: justify\">\n<hr \/>\n<\/div>\n","protected":false},"excerpt":{"rendered":"<p>A matr\u00edcula dos candidatos classificados ser\u00e1 realizada na Secretaria de Registros Acad\u00eamicos (SRA) do Campus Santa In\u00eas, no dia 26 de fevereiro de 2019.<\/p>\n","protected":false},"author":86,"featured_media":11532,"comment_status":"closed","ping_status":"closed","sticky":false,"template":"","format":"standard","meta":[],"categories":[4,13,5,10,8],"tags":[],"_links":{"self":[{"href":"https:\/\/www.ifbaiano.edu.br\/unidades\/santaines\/wp-json\/wp\/v2\/posts\/11528"}],"collection":[{"href":"https:\/\/www.ifbaiano.edu.br\/unidades\/santaines\/wp-json\/wp\/v2\/posts"}],"about":[{"href":"https:\/\/www.ifbaiano.edu.br\/unidades\/santaines\/wp-json\/wp\/v2\/types\/post"}],"author":[{"embeddable":true,"href":"https:\/\/www.ifbaiano.edu.br\/unidades\/santaines\/wp-json\/wp\/v2\/users\/86"}],"replies":[{"embeddable":true,"href":"https:\/\/www.ifbaiano.edu.br\/unidades\/santaines\/wp-json\/wp\/v2\/comments?post=11528"}],"version-history":[{"count":4,"href":"https:\/\/www.ifbaiano.edu.br\/unidades\/santaines\/wp-json\/wp\/v2\/posts\/11528\/revisions"}],"predecessor-version":[{"id":11534,"href":"https:\/\/www.ifbaiano.edu.br\/unidades\/santaines\/wp-json\/wp\/v2\/posts\/11528\/revisions\/11534"}],"wp:featuredmedia":[{"embeddable":true,"href":"https:\/\/www.ifbaiano.edu.br\/unidades\/santaines\/wp-json\/wp\/v2\/media\/11532"}],"wp:attachment":[{"href":"https:\/\/www.ifbaiano.edu.br\/unidades\/santaines\/wp-json\/wp\/v2\/media?parent=11528"}],"wp:term":[{"taxonomy":"category","embeddable":true,"href":"https:\/\/www.ifbaiano.edu.br\/unidades\/santaines\/wp-json\/wp\/v2\/categories?post=11528"},{"taxonomy":"post_tag","embeddable":true,"href":"https:\/\/www.ifbaiano.edu.br\/unidades\/santaines\/wp-json\/wp\/v2\/tags?post=11528"}],"curies":[{"name":"wp","href":"https:\/\/api.w.org\/{rel}","templated":true}]}}