{"id":11535,"date":"2019-03-03T15:37:47","date_gmt":"2019-03-03T18:37:47","guid":{"rendered":"http:\/\/www.ifbaiano.edu.br\/unidades\/santaines\/?p=11535"},"modified":"2019-03-08T13:03:51","modified_gmt":"2019-03-08T16:03:51","slug":"campus-santa-ines-divulga-programacao-para-o-dia-da-mulher","status":"publish","type":"post","link":"https:\/\/www.ifbaiano.edu.br\/unidades\/santaines\/campus-santa-ines-divulga-programacao-para-o-dia-da-mulher\/","title":{"rendered":"Campus Santa In\u00eas divulga Programa\u00e7\u00e3o para o Dia da Mulher"},"content":{"rendered":"<div style=\"text-align: justify\">\n<hr \/>\n<\/div>\n<div>\n<div style=\"text-align: justify\">\n<p>Conforme estabelecido no Calend\u00e1rio de Eventos Acad\u00eamicos 2018, dia 08 de mar\u00e7o, est\u00e1 proposto a atividade &#8220;Roda de Conversa&#8221; com todas as turmas. Participem!<\/p>\n<p>Veja abaixo a programa\u00e7\u00e3o:<\/p>\n<p><strong>8 de Mar\u00e7o &#8211; sexta-feira &#8211;\u00a0Local: Cantina<\/strong><\/p>\n<p>07h30min \u00e0s 9h &#8211; Concentra\u00e7\u00e3o na cantina para composi\u00e7\u00e3o do espa\u00e7o &#8211; m\u00fasica, poesias, cartazes.<\/p>\n<p>09h30min \u00e0s 11h &#8211; Conversa Te\u00f3rica<\/p>\n<p><strong>&#8220;Sejamos todos feministas&#8221;<\/strong>\u00a0&#8211; Reflex\u00f5es a partir do texto de Chimamanda Ngosi Adichi<\/p>\n<p><strong>&#8220;Mulher na ordem do dia&#8221;<\/strong>\u00a0&#8211; Apresenta\u00e7\u00e3o das produ\u00e7\u00f5es textuais realizadas nas aulas de Filosofia<\/p>\n<p>11h \u00e0s 11h30min &#8211; Roda de Mulheres &#8211; m\u00fasica e dan\u00e7a<\/p>\n<p>12h &#8211; Interven\u00e7\u00e3o no almo\u00e7o &#8211;\u00a0<strong>&#8220;Arte e Cultura Negra&#8221; <\/strong><\/p>\n<p><strong>Local &#8211; Pr\u00e9dio do Superior<\/strong><\/p>\n<p>19h30min &#8211;\u00a0<strong>Sarau das Manas<\/strong><\/p>\n<p><strong>14\/03 quinta-feira &#8211;\u00a0Local: Pr\u00e9dio do Superior<\/strong><\/p>\n<p>19h30min &#8211; Roda de Conversa.<\/p>\n<\/div>\n<div style=\"text-align: justify\"><\/div>\n<hr \/>\n<\/div>\n","protected":false},"excerpt":{"rendered":"<p>A atividade &#8220;Roda de Conversa&#8221; acontece com todas as turmas.<\/p>\n","protected":false},"author":86,"featured_media":11544,"comment_status":"closed","ping_status":"closed","sticky":false,"template":"","format":"standard","meta":[],"categories":[4,5,10,57],"tags":[],"_links":{"self":[{"href":"https:\/\/www.ifbaiano.edu.br\/unidades\/santaines\/wp-json\/wp\/v2\/posts\/11535"}],"collection":[{"href":"https:\/\/www.ifbaiano.edu.br\/unidades\/santaines\/wp-json\/wp\/v2\/posts"}],"about":[{"href":"https:\/\/www.ifbaiano.edu.br\/unidades\/santaines\/wp-json\/wp\/v2\/types\/post"}],"author":[{"embeddable":true,"href":"https:\/\/www.ifbaiano.edu.br\/unidades\/santaines\/wp-json\/wp\/v2\/users\/86"}],"replies":[{"embeddable":true,"href":"https:\/\/www.ifbaiano.edu.br\/unidades\/santaines\/wp-json\/wp\/v2\/comments?post=11535"}],"version-history":[{"count":6,"href":"https:\/\/www.ifbaiano.edu.br\/unidades\/santaines\/wp-json\/wp\/v2\/posts\/11535\/revisions"}],"predecessor-version":[{"id":11545,"href":"https:\/\/www.ifbaiano.edu.br\/unidades\/santaines\/wp-json\/wp\/v2\/posts\/11535\/revisions\/11545"}],"wp:featuredmedia":[{"embeddable":true,"href":"https:\/\/www.ifbaiano.edu.br\/unidades\/santaines\/wp-json\/wp\/v2\/media\/11544"}],"wp:attachment":[{"href":"https:\/\/www.ifbaiano.edu.br\/unidades\/santaines\/wp-json\/wp\/v2\/media?parent=11535"}],"wp:term":[{"taxonomy":"category","embeddable":true,"href":"https:\/\/www.ifbaiano.edu.br\/unidades\/santaines\/wp-json\/wp\/v2\/categories?post=11535"},{"taxonomy":"post_tag","embeddable":true,"href":"https:\/\/www.ifbaiano.edu.br\/unidades\/santaines\/wp-json\/wp\/v2\/tags?post=11535"}],"curies":[{"name":"wp","href":"https:\/\/api.w.org\/{rel}","templated":true}]}}