{"id":11549,"date":"2019-03-22T11:53:18","date_gmt":"2019-03-22T14:53:18","guid":{"rendered":"http:\/\/www.ifbaiano.edu.br\/unidades\/santaines\/?p=11549"},"modified":"2019-03-22T11:54:26","modified_gmt":"2019-03-22T14:54:26","slug":"acontece-no-campus-evento-com-roposta-para-reflexao-no-dia-mundial-da-agua","status":"publish","type":"post","link":"https:\/\/www.ifbaiano.edu.br\/unidades\/santaines\/acontece-no-campus-evento-com-roposta-para-reflexao-no-dia-mundial-da-agua\/","title":{"rendered":"Evento com proposta para reflex\u00e3o no Dia Mundial da \u00c1gua"},"content":{"rendered":"<p align=\"justify\"><span style=\"color: #000000\"><span style=\"font-family: Arial, serif\"><span style=\"font-size: medium\"><span style=\"color: #1f1f1f\">No dia 22 de Mar\u00e7o de 2019, o Grupo de Estudos Socioambientais com \u00canfase em Recursos H\u00eddricos (GESARH) do Vale Jiquiri\u00e7\u00e1-BA, <\/span>composto por Docentes, T\u00e9cnico-Administrativos e Discentes do IF Baiano\u00a0<i>campus<\/i> Santa In\u00eas\u00a0<span style=\"color: #1f1f1f\">realizar\u00e1 um evento com o tema: &#8220;<\/span><span style=\"color: #1f1f1f\"><i><u><b>\u00c1gua salobra tamb\u00e9m \u00e9 \u00e1gua<\/b><\/u><\/i><\/span><span style=\"color: #1f1f1f\">&#8220;. <\/span><\/span><\/span><\/span><\/p>\n<p align=\"justify\"><span style=\"color: #000000\"><span style=\"font-family: Arial, serif\"><span style=\"font-size: medium\"><span style=\"color: #1f1f1f\">Este tem como principal objetivo propor uma reflex\u00e3o no dia Mundial da \u00e1gua, de forma multidisciplinar, sobre o uso da \u00e1gua salobra, bem como, levar esse conhecimento a toda comunidade, congregando de forma especial, aqueles interessados pelo assunto.<\/span><\/span><\/span><\/span><\/p>\n<p align=\"justify\"><span style=\"font-family: 'Times New Roman', serif\"><span style=\"font-size: medium\"><span style=\"color: #1f1f1f\"><span style=\"font-family: Arial, serif\">O tema escolhido surgiu a partir de discuss\u00e3o no grupo com base nas necessidades e condi\u00e7\u00f5es socioambientais da regi\u00e3o do Vale do Jiquiri\u00e7\u00e1 na qual o IF Baiano\u00a0<\/span><\/span><span style=\"color: #1f1f1f\"><span style=\"font-family: Arial, serif\"><i>campus<\/i><\/span><\/span><span style=\"color: #1f1f1f\"><span style=\"font-family: Arial, serif\"> Santa In\u00eas est\u00e1 inserido (regi\u00e3o do semi\u00e1rido), quando observado a presen\u00e7a de diversos po\u00e7os perfurados na regi\u00e3o, no entanto, abandonados devido \u00e0 presen\u00e7a de \u00e1gua salobra.<\/span><\/span><\/span><\/span><\/p>\n<p align=\"justify\"><span style=\"color: #000000\"><span style=\"font-family: Arial, serif\"><span style=\"font-size: medium\"><span style=\"color: #1f1f1f\">O evento contar\u00e1 com palestras, debates, momento cultural, exposi\u00e7\u00e3o<\/span> do estande \u201cMonitoramento Ambiental do Rio Jiquiri\u00e7\u00e1-BA\u201d <span style=\"color: #1f1f1f\"> e sorteio de brindes.<\/span><\/span><\/span><\/span><\/p>\n<hr \/>\n<p align=\"justify\"><strong><span style=\"font-family: 'Times New Roman', serif\"><span style=\"font-size: medium\"><span style=\"font-family: Arial, serif\">Se inscrevam pelo link <a href=\"http:\/\/www.gesarh.clivre.com.br\/\">www.gesarh.clivre.com.br<\/a>. E verifiquem abaixo a programa\u00e7\u00e3o detalhada:<\/span><\/span><\/span><\/strong><\/p>\n<table style=\"height: 691px\" width=\"943\" cellspacing=\"0\" cellpadding=\"7\">\n<colgroup> <\/colgroup>\n<tbody>\n<tr>\n<td valign=\"top\" bgcolor=\"#001642\" width=\"599\" height=\"23\">\n<p lang=\"en-US\" align=\"center\"><span style=\"font-family: Arial, sans-serif;color: #ffffff\"><span style=\"font-size: medium\"><b>Dia 22 de mar\u00e7o de 2019 (Sexta-feira)<\/b><\/span><\/span><\/p>\n<\/td>\n<\/tr>\n<tr>\n<td valign=\"top\" bgcolor=\"#dbe5f1\" width=\"599\">\n<p lang=\"en-US\" style=\"text-align: left\"><span style=\"color: #000000\"><span style=\"font-family: Arial, sans-serif\"><span style=\"font-size: medium\">De 19h \u00e0s 19h30min &#8211;\u00a0<b>Credenciamento<\/b><\/span><\/span><\/span><\/p>\n<\/td>\n<\/tr>\n<tr>\n<td valign=\"top\" bgcolor=\"#8db3e2\" width=\"599\">\n<p lang=\"en-US\"><span style=\"color: #000000\"><span style=\"font-family: Arial, sans-serif\"><span style=\"font-size: medium\">19h30min &#8211;\u00a0<b>Sess\u00e3o de Abertura e apresenta\u00e7\u00e3o cultural<\/b><\/span><\/span><\/span><\/p>\n<\/td>\n<\/tr>\n<tr>\n<td valign=\"top\" bgcolor=\"#ffffff\" width=\"599\">\n<ul>\n<li>\n<p lang=\"en-US\" align=\"justify\"><span style=\"color: #000000\"><span style=\"font-family: Arial, sans-serif\"><span style=\"font-size: medium\">19h50min &#8211;\u00a0<b>Palestra:<\/b> Programa \u00c1gua Doce \u2013 reduzindo vulnerabilidades no que diz respeito ao acesso \u00e0 \u00e1gua no semi\u00e1rido.<\/span><\/span><\/span><\/p>\n<\/li>\n<\/ul>\n<p lang=\"en-US\" align=\"justify\"><span style=\"color: #000000\"> <span style=\"font-family: Arial, sans-serif\"><span style=\"font-size: medium\">Palestrante \u2013 Sr. Daniel Munhoz, Especialista em Meio Ambiente e Recursos H\u00eddricos da SEMA (Secretaria Estadual de Meio Ambiente da Bahia).<\/span><\/span><\/span><\/p>\n<ul>\n<li>\n<p lang=\"en-US\" align=\"justify\"><span style=\"color: #000000\"><span style=\"font-family: Arial, sans-serif\"><span style=\"font-size: medium\">20h40min &#8211;\u00a0<b>Debate-Plen\u00e1ria<\/b><\/span><\/span><\/span><\/p>\n<\/li>\n<\/ul>\n<ul>\n<li>\n<p lang=\"en-US\" align=\"justify\"><span style=\"color: #000000\"><span style=\"font-family: Arial, sans-serif\"><span style=\"font-size: medium\">21h &#8211; Intervalo<\/span><\/span><\/span><\/p>\n<\/li>\n<\/ul>\n<ul>\n<li>\n<p lang=\"en-US\" align=\"justify\"><span style=\"color: #000000\"><span style=\"font-family: Arial, sans-serif\"><span style=\"font-size: medium\">21h20min &#8211;\u00a0<b>Palestra:<\/b> Aproveitamento da \u00e1gua salobra na Gest\u00e3o dos Recursos H\u00eddricos.<\/span><\/span><\/span><\/p>\n<\/li>\n<\/ul>\n<p lang=\"en-US\" align=\"justify\"><span style=\"color: #000000\"> <span style=\"font-family: Arial, sans-serif\"><span style=\"font-size: medium\">Palestrante \u2013 Leandro Santos Leal, Coordenador de Saneamento B\u00e1sico do Cons\u00f3rcio P\u00fablico de Desenvolvimento Sustent\u00e1vel Portal do Sert\u00e3o. Engenheiro Sanitarista e Ambiental das Prefeituras de Jiquiri\u00e7\u00e1 e Santa In\u00eas. Presidente do Conselho de Meio Ambiente de Jiquiri\u00e7\u00e1.<\/span><\/span><\/span><\/p>\n<ul>\n<li>\n<p lang=\"en-US\" align=\"justify\"><span style=\"color: #000000\"><span style=\"font-family: Arial, sans-serif\"><span style=\"font-size: medium\">22h10min &#8211;\u00a0<b>Debate-Plen\u00e1ria<\/b><\/span><\/span><\/span><\/p>\n<\/li>\n<\/ul>\n<ul>\n<li>\n<p lang=\"en-US\" align=\"justify\"><span style=\"color: #000000\"><span style=\"font-family: Arial, sans-serif\"><span style=\"font-size: medium\">22h30min &#8211; Encerramento<\/span><\/span><\/span><\/p>\n<\/li>\n<\/ul>\n<\/td>\n<\/tr>\n<tr>\n<td valign=\"top\" bgcolor=\"#b8cce4\" width=\"599\">\n<p lang=\"en-US\"><span style=\"color: #000000\"><span style=\"font-family: Arial, sans-serif\"><span style=\"font-size: medium\">De 19h \u00e0s 21h30min &#8211; Exposi\u00e7\u00e3o do estande Monitoramento Ambiental do Rio Jiquiri\u00e7\u00e1-BA<\/span><\/span><\/span><\/p>\n<\/td>\n<\/tr>\n<\/tbody>\n<\/table>\n<p>&nbsp;<\/p>\n<table style=\"height: 228px\" width=\"947\" cellspacing=\"0\" cellpadding=\"7\">\n<colgroup>\n<col width=\"599\" \/> <\/colgroup>\n<tbody>\n<tr>\n<td valign=\"top\" bgcolor=\"#001642\" width=\"599\" height=\"20\">\n<p lang=\"en-US\" align=\"center\"><span style=\"font-family: Arial, sans-serif;color: #ffffff\"><span style=\"font-size: medium\"><b>Dia 23 de mar\u00e7o de 2019 (S\u00e1bado)<\/b><\/span><\/span><\/p>\n<\/td>\n<\/tr>\n<tr>\n<td valign=\"top\" bgcolor=\"#dbe5f1\" width=\"599\">\n<p lang=\"en-US\"><span style=\"color: #000000\"><span style=\"font-family: Arial, sans-serif\"><span style=\"font-size: medium\">De 08h \u00e0s11h &#8211;\u00a0<b>Exposi\u00e7\u00e3o de estande<\/b><\/span><\/span><\/span><\/p>\n<\/td>\n<\/tr>\n<tr>\n<td valign=\"top\" bgcolor=\"#ffffff\" width=\"599\">\n<ul>\n<li>\n<p lang=\"en-US\"><span style=\"color: #000000\"><span style=\"font-family: Arial, sans-serif\"><span style=\"font-size: medium\">MONITORAMENTO AMBIENTAL DO RIO JIQUIRI\u00c7\u00c1-BA<\/span><\/span><\/span><\/p>\n<\/li>\n<\/ul>\n<ul>\n<li>\n<p lang=\"en-US\"><span style=\"color: #000000\"><span style=\"font-family: Arial, sans-serif\"><span style=\"font-size: medium\">LOCAL: FEIRA LIVRE DE SANTA IN\u00caS<\/span><\/span><\/span><\/p>\n<\/li>\n<\/ul>\n<\/td>\n<\/tr>\n<\/tbody>\n<\/table>\n<hr \/>\n<p>&nbsp;<\/p>\n","protected":false},"excerpt":{"rendered":"<p>Evento acontece dia 22 de Mar\u00e7o de 2019.<\/p>\n","protected":false},"author":86,"featured_media":11574,"comment_status":"closed","ping_status":"closed","sticky":false,"template":"","format":"standard","meta":[],"categories":[4,19,5,37,10],"tags":[],"_links":{"self":[{"href":"https:\/\/www.ifbaiano.edu.br\/unidades\/santaines\/wp-json\/wp\/v2\/posts\/11549"}],"collection":[{"href":"https:\/\/www.ifbaiano.edu.br\/unidades\/santaines\/wp-json\/wp\/v2\/posts"}],"about":[{"href":"https:\/\/www.ifbaiano.edu.br\/unidades\/santaines\/wp-json\/wp\/v2\/types\/post"}],"author":[{"embeddable":true,"href":"https:\/\/www.ifbaiano.edu.br\/unidades\/santaines\/wp-json\/wp\/v2\/users\/86"}],"replies":[{"embeddable":true,"href":"https:\/\/www.ifbaiano.edu.br\/unidades\/santaines\/wp-json\/wp\/v2\/comments?post=11549"}],"version-history":[{"count":21,"href":"https:\/\/www.ifbaiano.edu.br\/unidades\/santaines\/wp-json\/wp\/v2\/posts\/11549\/revisions"}],"predecessor-version":[{"id":11583,"href":"https:\/\/www.ifbaiano.edu.br\/unidades\/santaines\/wp-json\/wp\/v2\/posts\/11549\/revisions\/11583"}],"wp:featuredmedia":[{"embeddable":true,"href":"https:\/\/www.ifbaiano.edu.br\/unidades\/santaines\/wp-json\/wp\/v2\/media\/11574"}],"wp:attachment":[{"href":"https:\/\/www.ifbaiano.edu.br\/unidades\/santaines\/wp-json\/wp\/v2\/media?parent=11549"}],"wp:term":[{"taxonomy":"category","embeddable":true,"href":"https:\/\/www.ifbaiano.edu.br\/unidades\/santaines\/wp-json\/wp\/v2\/categories?post=11549"},{"taxonomy":"post_tag","embeddable":true,"href":"https:\/\/www.ifbaiano.edu.br\/unidades\/santaines\/wp-json\/wp\/v2\/tags?post=11549"}],"curies":[{"name":"wp","href":"https:\/\/api.w.org\/{rel}","templated":true}]}}