{"id":11576,"date":"2019-03-18T09:02:01","date_gmt":"2019-03-18T12:02:01","guid":{"rendered":"http:\/\/www.ifbaiano.edu.br\/unidades\/santaines\/?p=11576"},"modified":"2019-03-18T09:03:35","modified_gmt":"2019-03-18T12:03:35","slug":"processo-seletivo-para-ingresso-de-estudantes-nos-cursos-de-qualificacao-profissional-na-modalidade-fic","status":"publish","type":"post","link":"https:\/\/www.ifbaiano.edu.br\/unidades\/santaines\/processo-seletivo-para-ingresso-de-estudantes-nos-cursos-de-qualificacao-profissional-na-modalidade-fic\/","title":{"rendered":"Processo  Seletivo para Ingresso de Estudantes nos Cursos de Qualifica\u00e7\u00e3o Profissional"},"content":{"rendered":"<p style=\"text-align: justify\">No per\u00edodo de 18 a 20 de mar\u00e7o de 2019 o Campus Santa In\u00eas abre inscri\u00e7\u00f5es para provimento de vagas nos cursos de Qualifica\u00e7\u00e3o Profissional, na modalidade de Forma\u00e7\u00e3o Inicial e\/ou Continuada (FIC).<\/p>\n<p style=\"text-align: justify\">A Forma\u00e7\u00e3o Inicial e\/ou Continuada (FIC) consiste em cursos de qualifica\u00e7\u00e3o, de forma\u00e7\u00e3o e aperfei\u00e7oamento profissional, de curta dura\u00e7\u00e3o.<\/p>\n<p style=\"text-align: justify\">Todos os cursos s\u00e3o gratuitos e n\u00e3o possuem taxa de inscri\u00e7\u00e3o.<\/p>\n<p style=\"text-align: justify\">S\u00e3o 190 vagas, distribu\u00eddas em quatro cursos:\u00a0<strong>A aprendizagem ao longo da vida: forma\u00e7\u00e3o continuada de Professores de EJA no Vale do Jiquiri\u00e7\u00e1\u00a0<\/strong>(duas turmas de 20);\u00a0<strong>Atualiza\u00e7\u00e3o para profissionais da carne<\/strong> (25);<strong>\u00a0Biomassa e produ\u00e7\u00e3o de Biog\u00e1s\u00a0<\/strong>(40);\u00a0<strong>Educa\u00e7\u00e3o especial: reflex\u00f5es e adapta\u00e7\u00f5es necess\u00e1rias<\/strong>\u00a0(duas turmas de 30) e\u00a0<strong>Operador de Computador\u00a0<\/strong>(25).<\/p>\n<p style=\"text-align: justify\">Para realizar a inscri\u00e7\u00e3o o candidato dever\u00e1 manifestar o interesse na vaga de um dos cursos descritos, por meio do preenchimento de <strong><a href=\"https:\/\/goo.gl\/forms\/HjZQ8UvsTyHEsBgh1\">FORMUL\u00c1RIO ONLINE<\/a>.<\/strong><\/p>\n<p style=\"text-align: justify\">As inscri\u00e7\u00f5es tamb\u00e9m poder\u00e3o ser realizadas presencialmente, com aux\u00edlio de um servidor, no IF Baiano Campus Santa In\u00eas, nos dias 18, 19 e\u00a020 de mar\u00e7o de 2019 das 8h \u00e0s 11h e das 14h \u00e0s 17h, na sala da Coordena\u00e7\u00e3o de Pesquisa e Extens\u00e3o, no Pavilh\u00e3o Pedag\u00f3gico.<\/p>\n<p style=\"text-align: justify\">A sele\u00e7\u00e3o dos candidatos aos cursos ofertados ser\u00e1 realizada por ordem de inscri\u00e7\u00e3o. Informa\u00e7\u00f5es detalhadas, a exemplo dos requisitos exigidos para candidatura,\u00a0 est\u00e3o dispostas no\u00a0<a href=\"http:\/\/concurso.ifbaiano.edu.br\/portal\/fic-santa-ines-marco-2019\/wp-content\/uploads\/sites\/233\/2019\/03\/Edital-n%C2%BA-19.pdf\" target=\"_blank\">Edital n\u00b019\/2019<\/a>. Acompanhe todas as atualiza\u00e7\u00f5es relacionadas ao Processo Seletivo FIC \u2013 Campus Santa In\u00eas \u2013 Mar\u00e7o 2019\u00a0<strong><a href=\"http:\/\/concurso.ifbaiano.edu.br\/portal\/fic-santa-ines-marco-2019\/\" target=\"_blank\">nesta p\u00e1gina<\/a><\/strong>.<\/p>\n<p style=\"text-align: justify\">D\u00favidas devem ser encaminhadas para o e-mail: ficsicomissao@si.ifbaiano.edu.br.<\/p>\n<hr \/>\n<p>&nbsp;<\/p>\n","protected":false},"excerpt":{"rendered":"<p>Inscri\u00e7\u00f5es no per\u00edodo de 18 a 20 de mar\u00e7o de 2019<\/p>\n","protected":false},"author":86,"featured_media":11571,"comment_status":"closed","ping_status":"closed","sticky":false,"template":"","format":"standard","meta":[],"categories":[4,5,10,8],"tags":[],"_links":{"self":[{"href":"https:\/\/www.ifbaiano.edu.br\/unidades\/santaines\/wp-json\/wp\/v2\/posts\/11576"}],"collection":[{"href":"https:\/\/www.ifbaiano.edu.br\/unidades\/santaines\/wp-json\/wp\/v2\/posts"}],"about":[{"href":"https:\/\/www.ifbaiano.edu.br\/unidades\/santaines\/wp-json\/wp\/v2\/types\/post"}],"author":[{"embeddable":true,"href":"https:\/\/www.ifbaiano.edu.br\/unidades\/santaines\/wp-json\/wp\/v2\/users\/86"}],"replies":[{"embeddable":true,"href":"https:\/\/www.ifbaiano.edu.br\/unidades\/santaines\/wp-json\/wp\/v2\/comments?post=11576"}],"version-history":[{"count":10,"href":"https:\/\/www.ifbaiano.edu.br\/unidades\/santaines\/wp-json\/wp\/v2\/posts\/11576\/revisions"}],"predecessor-version":[{"id":11590,"href":"https:\/\/www.ifbaiano.edu.br\/unidades\/santaines\/wp-json\/wp\/v2\/posts\/11576\/revisions\/11590"}],"wp:featuredmedia":[{"embeddable":true,"href":"https:\/\/www.ifbaiano.edu.br\/unidades\/santaines\/wp-json\/wp\/v2\/media\/11571"}],"wp:attachment":[{"href":"https:\/\/www.ifbaiano.edu.br\/unidades\/santaines\/wp-json\/wp\/v2\/media?parent=11576"}],"wp:term":[{"taxonomy":"category","embeddable":true,"href":"https:\/\/www.ifbaiano.edu.br\/unidades\/santaines\/wp-json\/wp\/v2\/categories?post=11576"},{"taxonomy":"post_tag","embeddable":true,"href":"https:\/\/www.ifbaiano.edu.br\/unidades\/santaines\/wp-json\/wp\/v2\/tags?post=11576"}],"curies":[{"name":"wp","href":"https:\/\/api.w.org\/{rel}","templated":true}]}}