{"id":11609,"date":"2019-03-25T16:27:03","date_gmt":"2019-03-25T19:27:03","guid":{"rendered":"http:\/\/www.ifbaiano.edu.br\/unidades\/santaines\/?p=11609"},"modified":"2019-03-25T16:28:51","modified_gmt":"2019-03-25T19:28:51","slug":"campus-santa-ines-convida-pais-dos-alunos-ingressantes-ano-letivo-2019-para-reuniao","status":"publish","type":"post","link":"https:\/\/www.ifbaiano.edu.br\/unidades\/santaines\/campus-santa-ines-convida-pais-dos-alunos-ingressantes-ano-letivo-2019-para-reuniao\/","title":{"rendered":"Campus Santa In\u00eas convida Pais dos Alunos Ingressantes (Ano Letivo 2019) para Reuni\u00e3o"},"content":{"rendered":"<hr \/>\n<p class=\"western\" align=\"justify\"><strong><span style=\"font-family: 'Times New Roman', serif\"><span style=\"font-size: medium\">O Diretor Geral, Professor Abdon Santos Nogueira, convida a todos os pais ou respons\u00e1veis pelos discentes ingressantes no ano letivo 2019 para participarem de uma reuni\u00e3o a ser realizada no dia 02 de abril de 2019, a partir das 08h, na quadra poliesportiva do Campus.<\/span><\/span><\/strong><\/p>\n<p class=\"western\" align=\"justify\"><strong><span style=\"font-family: 'Times New Roman', serif\"><span style=\"font-size: medium\">Informamos que a pauta da reuni\u00e3o ser\u00e1 &#8220;Apresenta\u00e7\u00e3o da Institui\u00e7\u00e3o e dos Cursos&#8221;.<\/span><\/span><\/strong><\/p>\n<p class=\"western\" align=\"justify\"><strong><span style=\"font-family: 'Times New Roman', serif\"><span style=\"font-size: medium\">Contamos com a participa\u00e7\u00e3o de todos!<\/span><\/span><\/strong><\/p>\n<p class=\"western\" align=\"justify\"><a href=\"http:\/\/www.ifbaiano.edu.br\/unidades\/santaines\/files\/2019\/03\/reuniao-pais-abril-2019-santa-ines.jpg\"><img decoding=\"async\" loading=\"lazy\" class=\"alignleft wp-image-11610\" src=\"http:\/\/www.ifbaiano.edu.br\/unidades\/santaines\/files\/2019\/03\/reuniao-pais-abril-2019-santa-ines.jpg\" alt=\"reuniao-pais-abril-2019-santa-ines\" width=\"503\" height=\"503\" \/><\/a><\/p>\n<hr \/>\n","protected":false},"excerpt":{"rendered":"<p>O Diretor Geral, Professor Abdon Santos Nogueira, convida a todos os pais ou respons\u00e1veis pelos discentes ingressantes no ano letivo 2019 para participarem de uma reuni\u00e3o a ser realizada no dia 02 de abril de 2019, a partir das 08h, na quadra poliesportiva do Campus. Informamos que a pauta da reuni\u00e3o ser\u00e1 &#8220;Apresenta\u00e7\u00e3o da Institui\u00e7\u00e3o [&hellip;]<\/p>\n","protected":false},"author":86,"featured_media":0,"comment_status":"closed","ping_status":"closed","sticky":false,"template":"","format":"standard","meta":[],"categories":[4,13,10,57],"tags":[],"_links":{"self":[{"href":"https:\/\/www.ifbaiano.edu.br\/unidades\/santaines\/wp-json\/wp\/v2\/posts\/11609"}],"collection":[{"href":"https:\/\/www.ifbaiano.edu.br\/unidades\/santaines\/wp-json\/wp\/v2\/posts"}],"about":[{"href":"https:\/\/www.ifbaiano.edu.br\/unidades\/santaines\/wp-json\/wp\/v2\/types\/post"}],"author":[{"embeddable":true,"href":"https:\/\/www.ifbaiano.edu.br\/unidades\/santaines\/wp-json\/wp\/v2\/users\/86"}],"replies":[{"embeddable":true,"href":"https:\/\/www.ifbaiano.edu.br\/unidades\/santaines\/wp-json\/wp\/v2\/comments?post=11609"}],"version-history":[{"count":4,"href":"https:\/\/www.ifbaiano.edu.br\/unidades\/santaines\/wp-json\/wp\/v2\/posts\/11609\/revisions"}],"predecessor-version":[{"id":11617,"href":"https:\/\/www.ifbaiano.edu.br\/unidades\/santaines\/wp-json\/wp\/v2\/posts\/11609\/revisions\/11617"}],"wp:attachment":[{"href":"https:\/\/www.ifbaiano.edu.br\/unidades\/santaines\/wp-json\/wp\/v2\/media?parent=11609"}],"wp:term":[{"taxonomy":"category","embeddable":true,"href":"https:\/\/www.ifbaiano.edu.br\/unidades\/santaines\/wp-json\/wp\/v2\/categories?post=11609"},{"taxonomy":"post_tag","embeddable":true,"href":"https:\/\/www.ifbaiano.edu.br\/unidades\/santaines\/wp-json\/wp\/v2\/tags?post=11609"}],"curies":[{"name":"wp","href":"https:\/\/api.w.org\/{rel}","templated":true}]}}