{"id":11642,"date":"2019-03-21T12:50:23","date_gmt":"2019-03-21T15:50:23","guid":{"rendered":"http:\/\/www.ifbaiano.edu.br\/unidades\/santaines\/?p=11642"},"modified":"2019-03-21T13:00:26","modified_gmt":"2019-03-21T16:00:26","slug":"if-baiano-lanca-processo-seletivo-para-contratacao-de-professor-substituto-de-fisica-para-o-campus-santa-ines","status":"publish","type":"post","link":"https:\/\/www.ifbaiano.edu.br\/unidades\/santaines\/if-baiano-lanca-processo-seletivo-para-contratacao-de-professor-substituto-de-fisica-para-o-campus-santa-ines\/","title":{"rendered":"IF Baiano lan\u00e7a Processo Seletivo para contrata\u00e7\u00e3o de Professor Substituto de F\u00edsica para o Campus Santa In\u00eas"},"content":{"rendered":"<p align=\"justify\"><span style=\"color: #333333\"><span style=\"font-family: 'Times New Roman', serif\"><span style=\"font-size: medium\">O Processo Seletivo Simplificado tem como objeto selecionar candidato para o preenchimento de cargo de Professor Substituto da categoria funcional de Professor de Ensino B\u00e1sico, T\u00e9cnico e Tecnol\u00f3gico, Classe DI, N\u00edvel 01, do Quadro Tempor\u00e1rio de Pessoal do Instituto Federal de Educa\u00e7\u00e3o, Ci\u00eancia e Tecnologia Baiano, com exerc\u00edcio no Campus Santa In\u00eas.<\/span><\/span><\/span><\/p>\n<p align=\"justify\"><span style=\"color: #333333\"><span style=\"font-family: 'Times New Roman', serif\"><span style=\"font-size: medium\">O candidato dever\u00e1 observar, rigorosamente, o presente Edital e os documentos complementares, os quais passar\u00e3o a constituir parte integrante deste Edital e ser\u00e3o publicados no endere\u00e7o eletr\u00f4nico http:\/\/concurso.ifbaiano.edu.br\/.<\/span><\/span><\/span><\/p>\n<p align=\"justify\"><span style=\"color: #333333\"><span style=\"font-family: 'Times New Roman', serif\"><span style=\"font-size: medium\">O Processo Seletivo ser\u00e1 realizado em etapas distintas, constitu\u00eddas de\u00a0Prova de Desempenho Did\u00e1tico (eliminat\u00f3ria e classificat\u00f3ria) e\u00a0Prova de T\u00edtulos (classificat\u00f3ria).<\/span><\/span><\/span><\/p>\n<p align=\"justify\"><span style=\"color: #333333\"><span style=\"font-family: 'Times New Roman', serif\"><span style=\"font-size: medium\">A Habilita\u00e7\u00e3o M\u00ednima Requerida \u00e9 Licenciatura em F\u00edsica.<\/span><\/span><\/span><\/p>\n<p align=\"justify\"><span style=\"color: #333333\"><span style=\"font-family: 'Times New Roman', serif\"><span style=\"font-size: medium\">O prazo de validade deste Processo Seletivo Simplificado ser\u00e1 de 01 (um) ano, contado a partir da data de publica\u00e7\u00e3o da homologa\u00e7\u00e3o do resultado final no Di\u00e1rio Oficial da Uni\u00e3o, podendo ser prorrogado por igual per\u00edodo.<\/span><\/span><\/span><\/p>\n<p align=\"justify\"><span style=\"color: #333333\"><span style=\"font-family: 'Times New Roman', serif\"><span style=\"font-size: medium\">A inscri\u00e7\u00e3o ser\u00e1 efetuada, exclusivamente, pela Internet, no per\u00edodo de 25\/03\/2019 a 08\/04\/2019 e n\u00e3o ser\u00e1 cobrada taxa para participa\u00e7\u00e3o.<\/span><\/span><\/span><\/p>\n<p align=\"justify\"><span style=\"color: #333333\"><span style=\"font-family: 'Times New Roman', serif\"><span style=\"font-size: medium\"><span lang=\"pt-BR\">D\u00favidas e\/ou esclarecimentos referentes a este Processo seletivo poder\u00e3o ser atrav\u00e9s do e-mail<span style=\"color: #000000\">\u00a0<\/span><\/span><\/span><\/span><\/span><span style=\"color: #000000\"><span style=\"font-family: 'Times New Roman', serif\"><span style=\"font-size: medium\"><span lang=\"pt-BR\"><u>selecao.professor@si.ifbaiano.edu.br<\/u><\/span><\/span><\/span><span style=\"font-family: 'Times New Roman', serif\"><span style=\"font-size: medium\"><span lang=\"en-US\">\u00a0<\/span><\/span><\/span><span style=\"font-family: 'Times New Roman', serif\"><span style=\"font-size: medium\"><span lang=\"pt-BR\">ou no IF Baiano Campus Santa In\u00eas, situado no Km 2,5 da BR 420 \u2013 Rodovia Santa In\u00eas\/Uba\u00edra, na cidade de Santa In\u00eas-BA<\/span><\/span><\/span><\/span><\/p>\n<p align=\"justify\"><a href=\"http:\/\/concurso.ifbaiano.edu.br\/portal\/substituto-santa-ines-marco-2019\/\"><strong><span style=\"color: #333333\"><span style=\"font-family: 'Times New Roman', serif\"><span style=\"font-size: medium\"><u><b>Clique AQUI<\/b><\/u><\/span><\/span><\/span><\/strong><\/a><span style=\"color: #333333\"><span style=\"font-family: 'Times New Roman', serif\"><span style=\"font-size: medium\">\u00a0para acessar a \u00edntegra do Edital\u00a0e ver todas as informa\u00e7\u00f5es.<\/span><\/span><\/span><\/p>\n<hr \/>\n<p class=\"dou-paragraph\">\n","protected":false},"excerpt":{"rendered":"<p>Inscri\u00e7\u00f5es acontecem no Per\u00edodo de 23\/03\/2019 a 02\/04\/2019<\/p>\n","protected":false},"author":86,"featured_media":11647,"comment_status":"closed","ping_status":"closed","sticky":false,"template":"","format":"standard","meta":[],"categories":[4,10,8,1,57],"tags":[],"_links":{"self":[{"href":"https:\/\/www.ifbaiano.edu.br\/unidades\/santaines\/wp-json\/wp\/v2\/posts\/11642"}],"collection":[{"href":"https:\/\/www.ifbaiano.edu.br\/unidades\/santaines\/wp-json\/wp\/v2\/posts"}],"about":[{"href":"https:\/\/www.ifbaiano.edu.br\/unidades\/santaines\/wp-json\/wp\/v2\/types\/post"}],"author":[{"embeddable":true,"href":"https:\/\/www.ifbaiano.edu.br\/unidades\/santaines\/wp-json\/wp\/v2\/users\/86"}],"replies":[{"embeddable":true,"href":"https:\/\/www.ifbaiano.edu.br\/unidades\/santaines\/wp-json\/wp\/v2\/comments?post=11642"}],"version-history":[{"count":3,"href":"https:\/\/www.ifbaiano.edu.br\/unidades\/santaines\/wp-json\/wp\/v2\/posts\/11642\/revisions"}],"predecessor-version":[{"id":11646,"href":"https:\/\/www.ifbaiano.edu.br\/unidades\/santaines\/wp-json\/wp\/v2\/posts\/11642\/revisions\/11646"}],"wp:featuredmedia":[{"embeddable":true,"href":"https:\/\/www.ifbaiano.edu.br\/unidades\/santaines\/wp-json\/wp\/v2\/media\/11647"}],"wp:attachment":[{"href":"https:\/\/www.ifbaiano.edu.br\/unidades\/santaines\/wp-json\/wp\/v2\/media?parent=11642"}],"wp:term":[{"taxonomy":"category","embeddable":true,"href":"https:\/\/www.ifbaiano.edu.br\/unidades\/santaines\/wp-json\/wp\/v2\/categories?post=11642"},{"taxonomy":"post_tag","embeddable":true,"href":"https:\/\/www.ifbaiano.edu.br\/unidades\/santaines\/wp-json\/wp\/v2\/tags?post=11642"}],"curies":[{"name":"wp","href":"https:\/\/api.w.org\/{rel}","templated":true}]}}