{"id":11650,"date":"2019-03-22T08:31:48","date_gmt":"2019-03-22T11:31:48","guid":{"rendered":"http:\/\/www.ifbaiano.edu.br\/unidades\/santaines\/?p=11650"},"modified":"2019-03-22T08:33:36","modified_gmt":"2019-03-22T11:33:36","slug":"cursos-de-qualificacao-profissional-homologacao-das-inscricoes","status":"publish","type":"post","link":"https:\/\/www.ifbaiano.edu.br\/unidades\/santaines\/cursos-de-qualificacao-profissional-homologacao-das-inscricoes\/","title":{"rendered":"Homologadas as Inscri\u00e7\u00f5es nos Cursos de Qualifica\u00e7\u00e3o Profissional"},"content":{"rendered":"<p>As inscri\u00e7\u00f5es dos cursos de Qualifica\u00e7\u00e3o Profissional, na modalidade de Forma\u00e7\u00e3o Inicial e\/ou Continuada (FIC), realizadas no per\u00edodo de 18 a 20 de mar\u00e7o de 2019, foram homologadas.<\/p>\n<p>Para acesso \u00e0s informa\u00e7\u00f5es<a href=\"http:\/\/concurso.ifbaiano.edu.br\/portal\/fic-santa-ines-marco-2019\/\"><strong> CLIQUE AQUI\u00a0<\/strong><\/a><\/p>\n<p><a href=\"http:\/\/www.ifbaiano.edu.br\/unidades\/santaines\/files\/2019\/03\/imagem-noticia-fic-santa-ines.jpg\"><img decoding=\"async\" loading=\"lazy\" class=\"alignleft size-full wp-image-11571\" src=\"http:\/\/www.ifbaiano.edu.br\/unidades\/santaines\/files\/2019\/03\/imagem-noticia-fic-santa-ines.jpg\" alt=\"\" width=\"900\" height=\"500\" \/><\/a><\/p>\n","protected":false},"excerpt":{"rendered":"<p>As inscri\u00e7\u00f5es dos cursos de Qualifica\u00e7\u00e3o Profissional, na modalidade de Forma\u00e7\u00e3o Inicial e\/ou Continuada (FIC), realizadas no per\u00edodo de 18 a 20 de mar\u00e7o de 2019, foram homologadas. Para acesso \u00e0s informa\u00e7\u00f5es CLIQUE AQUI\u00a0<\/p>\n","protected":false},"author":86,"featured_media":11571,"comment_status":"closed","ping_status":"closed","sticky":false,"template":"","format":"standard","meta":[],"categories":[4,10,8,57],"tags":[],"_links":{"self":[{"href":"https:\/\/www.ifbaiano.edu.br\/unidades\/santaines\/wp-json\/wp\/v2\/posts\/11650"}],"collection":[{"href":"https:\/\/www.ifbaiano.edu.br\/unidades\/santaines\/wp-json\/wp\/v2\/posts"}],"about":[{"href":"https:\/\/www.ifbaiano.edu.br\/unidades\/santaines\/wp-json\/wp\/v2\/types\/post"}],"author":[{"embeddable":true,"href":"https:\/\/www.ifbaiano.edu.br\/unidades\/santaines\/wp-json\/wp\/v2\/users\/86"}],"replies":[{"embeddable":true,"href":"https:\/\/www.ifbaiano.edu.br\/unidades\/santaines\/wp-json\/wp\/v2\/comments?post=11650"}],"version-history":[{"count":4,"href":"https:\/\/www.ifbaiano.edu.br\/unidades\/santaines\/wp-json\/wp\/v2\/posts\/11650\/revisions"}],"predecessor-version":[{"id":11654,"href":"https:\/\/www.ifbaiano.edu.br\/unidades\/santaines\/wp-json\/wp\/v2\/posts\/11650\/revisions\/11654"}],"wp:featuredmedia":[{"embeddable":true,"href":"https:\/\/www.ifbaiano.edu.br\/unidades\/santaines\/wp-json\/wp\/v2\/media\/11571"}],"wp:attachment":[{"href":"https:\/\/www.ifbaiano.edu.br\/unidades\/santaines\/wp-json\/wp\/v2\/media?parent=11650"}],"wp:term":[{"taxonomy":"category","embeddable":true,"href":"https:\/\/www.ifbaiano.edu.br\/unidades\/santaines\/wp-json\/wp\/v2\/categories?post=11650"},{"taxonomy":"post_tag","embeddable":true,"href":"https:\/\/www.ifbaiano.edu.br\/unidades\/santaines\/wp-json\/wp\/v2\/tags?post=11650"}],"curies":[{"name":"wp","href":"https:\/\/api.w.org\/{rel}","templated":true}]}}