{"id":11657,"date":"2019-03-27T13:07:55","date_gmt":"2019-03-27T16:07:55","guid":{"rendered":"http:\/\/www.ifbaiano.edu.br\/unidades\/santaines\/?p=11657"},"modified":"2019-03-29T17:10:49","modified_gmt":"2019-03-29T20:10:49","slug":"programa-de-assistencia-e-inclusao-social-do-estudante-paise-2019","status":"publish","type":"post","link":"https:\/\/www.ifbaiano.edu.br\/unidades\/santaines\/programa-de-assistencia-e-inclusao-social-do-estudante-paise-2019\/","title":{"rendered":"Programa de Assist\u00eancia e Inclus\u00e3o Social do Estudante \u2013 PAISE 2019"},"content":{"rendered":"<div class=\"subtitulo-post\">\n<p style=\"text-align: justify\">O Instituto Federal Baiano (IF Baiano) divulgou o Edital que estabelece normas e crit\u00e9rios para sele\u00e7\u00e3o priorit\u00e1ria de estudantes em vulnerabilidade socioecon\u00f4mica de cursos presenciais e a dist\u00e2ncia com a finalidade de participa\u00e7\u00e3o no\u00a0Programa de Assist\u00eancia e Inclus\u00e3o Social do Estudante \u2013 PAISE 2019.<\/p>\n<\/div>\n<div id=\"textoNoticia\" style=\"text-align: justify\">\n<div class=\"pf-content\">\n<p>Para\u00a0<span id=\"OBJ_PREFIX_DWT850_com_zimbra_date\" class=\"Object\"><span id=\"OBJ_PREFIX_DWT852_com_zimbra_date\" class=\"Object\">ter<\/span><\/span>\u00a0direito aos benef\u00edcios, o estudante dever\u00e1 ser discente ativo com matr\u00edcula regular em cursos de n\u00edvel m\u00e9dio ou de gradua\u00e7\u00e3o do IF Baiano.<\/p>\n<p>As inscri\u00e7\u00f5es ser\u00e3o realizadas no Polo de Apoio Presencial ou na Coordena\u00e7\u00e3o de Assuntos Estudantis (CAE) do Campus. Consulte\u00a0mais informa\u00e7\u00f5es <a href=\"http:\/\/concurso.ifbaiano.edu.br\/portal\/paise2019\/\"><strong>AQUI<\/strong><\/a>, onde tamb\u00e9m est\u00e3o dispon\u00edveis o\u00a0<a href=\"http:\/\/concurso.ifbaiano.edu.br\/portal\/paise2019\/wp-content\/uploads\/sites\/236\/2019\/03\/Cronograma-Santa-In%C3%AAs.pdf\">Cronograma e Distribui\u00e7\u00e3o de Recursos do Campus Santa In\u00eas<\/a>.<\/p>\n<p>D\u00favidas podem ser enviadas para o e-mail:\u00a0<span id=\"OBJ_PREFIX_DWT851_ZmEmailObjectHandler\" class=\"Object\"><span id=\"OBJ_PREFIX_DWT853_ZmEmailObjectHandler\" class=\"Object\">dgae@ifbaiano.edu.br.<\/span><\/span><\/p>\n<p><b>Sobre o programa<\/b><\/p>\n<p align=\"justify\">O Programa de Assist\u00eancia e Inclus\u00e3o Social do Estudante \u2013 PAISE, integrante da Pol\u00edtica de Assist\u00eancia Estudantil do IFBaiano, visa contribuir para o bem estar biopsicossocial, perman\u00eancia e \u00eaxito nas atividades acad\u00eamicas de estudantes em vulnerabilidade socioecon\u00f4mica.\u00a0Disp\u00f5e de benef\u00edcios como aux\u00edlio moradia, aux\u00edlio alimenta\u00e7\u00e3o, aux\u00edlio transporte, aux\u00edlio material acad\u00eamico, aux\u00edlio creche, aux\u00edlio uniforme, aux\u00edlio perman\u00eancia, aux\u00edlio PROEJA e aux\u00edlio c\u00f3pia e impress\u00e3o.<\/p>\n<\/div>\n<\/div>\n<p style=\"text-align: justify\">\n","protected":false},"excerpt":{"rendered":"<p>Programa \u00e9 destinado a estudantes do IF Baiano em vulnerabilidade social.<\/p>\n","protected":false},"author":86,"featured_media":11660,"comment_status":"closed","ping_status":"closed","sticky":false,"template":"","format":"standard","meta":[],"categories":[4,5,10,57],"tags":[],"_links":{"self":[{"href":"https:\/\/www.ifbaiano.edu.br\/unidades\/santaines\/wp-json\/wp\/v2\/posts\/11657"}],"collection":[{"href":"https:\/\/www.ifbaiano.edu.br\/unidades\/santaines\/wp-json\/wp\/v2\/posts"}],"about":[{"href":"https:\/\/www.ifbaiano.edu.br\/unidades\/santaines\/wp-json\/wp\/v2\/types\/post"}],"author":[{"embeddable":true,"href":"https:\/\/www.ifbaiano.edu.br\/unidades\/santaines\/wp-json\/wp\/v2\/users\/86"}],"replies":[{"embeddable":true,"href":"https:\/\/www.ifbaiano.edu.br\/unidades\/santaines\/wp-json\/wp\/v2\/comments?post=11657"}],"version-history":[{"count":5,"href":"https:\/\/www.ifbaiano.edu.br\/unidades\/santaines\/wp-json\/wp\/v2\/posts\/11657\/revisions"}],"predecessor-version":[{"id":11664,"href":"https:\/\/www.ifbaiano.edu.br\/unidades\/santaines\/wp-json\/wp\/v2\/posts\/11657\/revisions\/11664"}],"wp:featuredmedia":[{"embeddable":true,"href":"https:\/\/www.ifbaiano.edu.br\/unidades\/santaines\/wp-json\/wp\/v2\/media\/11660"}],"wp:attachment":[{"href":"https:\/\/www.ifbaiano.edu.br\/unidades\/santaines\/wp-json\/wp\/v2\/media?parent=11657"}],"wp:term":[{"taxonomy":"category","embeddable":true,"href":"https:\/\/www.ifbaiano.edu.br\/unidades\/santaines\/wp-json\/wp\/v2\/categories?post=11657"},{"taxonomy":"post_tag","embeddable":true,"href":"https:\/\/www.ifbaiano.edu.br\/unidades\/santaines\/wp-json\/wp\/v2\/tags?post=11657"}],"curies":[{"name":"wp","href":"https:\/\/api.w.org\/{rel}","templated":true}]}}