{"id":11665,"date":"2019-04-11T09:04:57","date_gmt":"2019-04-11T12:04:57","guid":{"rendered":"http:\/\/www.ifbaiano.edu.br\/unidades\/santaines\/?p=11665"},"modified":"2019-04-11T09:06:37","modified_gmt":"2019-04-11T12:06:37","slug":"aviso-aos-estudantes-dos-cursos-fic","status":"publish","type":"post","link":"https:\/\/www.ifbaiano.edu.br\/unidades\/santaines\/aviso-aos-estudantes-dos-cursos-fic\/","title":{"rendered":"Aviso aos estudantes dos Cursos FIC"},"content":{"rendered":"<p style=\"text-align: justify\" align=\"center\"><span style=\"font-family: Arial, serif\"><span style=\"font-size: medium\">Aten\u00e7\u00e3o candidatos!<\/span><\/span><\/p>\n<p style=\"text-align: justify\" align=\"center\"><span style=\"font-family: Arial, serif\"><span style=\"font-size: medium\">Quem fez as inscri\u00e7\u00f5es, acompanhe as atualiza\u00e7\u00f5es sobre a sele\u00e7\u00e3o para os cursos FIC:<\/span><\/span><\/p>\n<p style=\"text-align: justify\" align=\"center\"><span style=\"font-family: Arial, serif\"><span style=\"font-size: medium\">Todas as informa\u00e7\u00f5es sobre os&nbsp;<\/span><\/span><span style=\"font-family: Arial, serif\"><span style=\"font-size: medium\">Cursos de Forma\u00e7\u00e3o Inicial e Continuada &#8211; FIC est\u00e3o dispon\u00edveis<b> <a href=\"http:\/\/concurso.ifbaiano.edu.br\/portal\/fic-santa-ines-marco-2019\/\">NA P\u00c1GINA DE CONCURSOS E SELE\u00c7\u00d5ES<\/a><\/b><\/span><\/span><\/p>\n<hr>\n<p>&nbsp;<\/p>\n","protected":false},"excerpt":{"rendered":"<p>Local, hor\u00e1rio e data de realiza\u00e7\u00e3o dos Cursos FIC<\/p>\n","protected":false},"author":86,"featured_media":11571,"comment_status":"closed","ping_status":"closed","sticky":false,"template":"","format":"standard","meta":[],"categories":[4,10,8,57],"tags":[],"_links":{"self":[{"href":"https:\/\/www.ifbaiano.edu.br\/unidades\/santaines\/wp-json\/wp\/v2\/posts\/11665"}],"collection":[{"href":"https:\/\/www.ifbaiano.edu.br\/unidades\/santaines\/wp-json\/wp\/v2\/posts"}],"about":[{"href":"https:\/\/www.ifbaiano.edu.br\/unidades\/santaines\/wp-json\/wp\/v2\/types\/post"}],"author":[{"embeddable":true,"href":"https:\/\/www.ifbaiano.edu.br\/unidades\/santaines\/wp-json\/wp\/v2\/users\/86"}],"replies":[{"embeddable":true,"href":"https:\/\/www.ifbaiano.edu.br\/unidades\/santaines\/wp-json\/wp\/v2\/comments?post=11665"}],"version-history":[{"count":7,"href":"https:\/\/www.ifbaiano.edu.br\/unidades\/santaines\/wp-json\/wp\/v2\/posts\/11665\/revisions"}],"predecessor-version":[{"id":11725,"href":"https:\/\/www.ifbaiano.edu.br\/unidades\/santaines\/wp-json\/wp\/v2\/posts\/11665\/revisions\/11725"}],"wp:featuredmedia":[{"embeddable":true,"href":"https:\/\/www.ifbaiano.edu.br\/unidades\/santaines\/wp-json\/wp\/v2\/media\/11571"}],"wp:attachment":[{"href":"https:\/\/www.ifbaiano.edu.br\/unidades\/santaines\/wp-json\/wp\/v2\/media?parent=11665"}],"wp:term":[{"taxonomy":"category","embeddable":true,"href":"https:\/\/www.ifbaiano.edu.br\/unidades\/santaines\/wp-json\/wp\/v2\/categories?post=11665"},{"taxonomy":"post_tag","embeddable":true,"href":"https:\/\/www.ifbaiano.edu.br\/unidades\/santaines\/wp-json\/wp\/v2\/tags?post=11665"}],"curies":[{"name":"wp","href":"https:\/\/api.w.org\/{rel}","templated":true}]}}