{"id":11683,"date":"2019-04-04T11:17:07","date_gmt":"2019-04-04T14:17:07","guid":{"rendered":"http:\/\/www.ifbaiano.edu.br\/unidades\/santaines\/?p=11683"},"modified":"2019-04-04T11:17:07","modified_gmt":"2019-04-04T14:17:07","slug":"campus-santa-ines-realiza-primeira-reuniao-com-pais-de-estudantes-ingressantes-2019","status":"publish","type":"post","link":"https:\/\/www.ifbaiano.edu.br\/unidades\/santaines\/campus-santa-ines-realiza-primeira-reuniao-com-pais-de-estudantes-ingressantes-2019\/","title":{"rendered":"Campus Santa In\u00eas realiza primeira reuni\u00e3o com pais de estudantes ingressantes 2019"},"content":{"rendered":"<p style=\"text-align: justify\">Aconteceu, no dia\u00a0<span id=\"OBJ_PREFIX_DWT486_com_zimbra_date\" class=\"Object\" role=\"link\"><span id=\"OBJ_PREFIX_DWT492_com_zimbra_date\" class=\"Object\" role=\"link\">02 de abril<\/span><\/span>\u00a0de 2019, na quadra poliesportiva do Campus Santa In\u00eas, a primeira reuni\u00e3o com os pais\/respons\u00e1veis dos estudantes ingressantes do ano letivo de 2019.<\/p>\n<p>O Diretor Geral, Professor Abon Nogueira, recepcionou, com contentamento, os novos estudantes no Campus e agradeceu a confian\u00e7a dos pais depositada na Institui\u00e7\u00e3o. Houve uma breve apresenta\u00e7\u00e3o da equipe gestora, Dire\u00e7\u00e3o Acad\u00eamica, Coordena\u00e7\u00e3o de Ensino, Coordena\u00e7\u00e3o de Assuntos Estudantis, professores e t\u00e9cnicos presentes.<\/p>\n<p>O Professor Vin\u00edcius Reis, coordenador de ensino, com o prop\u00f3sito de fortalecer o di\u00e1logo com a fam\u00edlia dos estudantes, \u00a0abordou a import\u00e2ncia da participa\u00e7\u00e3o da fam\u00edlia na educa\u00e7\u00e3o\/forma\u00e7\u00e3o do estudante e enfatizou a relev\u00e2ncia da parceria fam\u00edlia, estudante e Institui\u00e7\u00e3o.<\/p>\n<p>Por sua vez, o \u00a0coordenador de assuntos estudantis, \u00c2ngelo Francisco Andrade, em conjunto com sua equipe, mais diretamente ligada aos estudantes, esclareceu para os presentes, a importante fun\u00e7\u00e3o de cada um (enfermeira, t\u00e9cnica em enfermagem, psic\u00f3logo, nutricionista, dentista, assistente social, respectivos n\u00facleos e programas) e ressaltou o quanto a Institui\u00e7\u00e3o se organiza e se disp\u00f5e a ofertar as melhores condi\u00e7\u00f5es para a perman\u00eancia e \u00eaxito dos estudantes.<\/p>\n<p>Houve, ainda, explica\u00e7\u00e3o sobre procedimentos, documenta\u00e7\u00e3o, aux\u00edlios e demais servi\u00e7os oferecidos no Campus.<\/p>\n<p>Uma breve apresenta\u00e7\u00e3o dos cursos T\u00e9cnicos Integrados ao Ensino M\u00e9dio, ofertados pelo Campus, ficou a cargo de alguns professores: A professora Clementina C\u00e2ndida apresentou \u00a0o Curso T\u00e9cnico em Alimentos; o professor Jadson Sim\u00f5es, o Curso T\u00e9cnico em Agropecu\u00e1ria e professora Daniele Matos, o Curso T\u00e9cnico em Zootecnia.<\/p>\n<p>Veja algumas fotos da reuni\u00e3o<\/p>\n\n\t\t<style type=\"text\/css\">\n\t\t\t#gallery-1 {\n\t\t\t\tmargin: auto;\n\t\t\t}\n\t\t\t#gallery-1 .gallery-item {\n\t\t\t\tfloat: left;\n\t\t\t\tmargin-top: 10px;\n\t\t\t\ttext-align: center;\n\t\t\t\twidth: 33%;\n\t\t\t}\n\t\t\t#gallery-1 img {\n\t\t\t\tborder: 2px solid #cfcfcf;\n\t\t\t}\n\t\t\t#gallery-1 .gallery-caption {\n\t\t\t\tmargin-left: 0;\n\t\t\t}\n\t\t\t\/* see gallery_shortcode() in wp-includes\/media.php *\/\n\t\t<\/style>\n\t\t<div id='gallery-1' class='gallery galleryid-11683 gallery-columns-3 gallery-size-medium'><dl class='gallery-item'>\n\t\t\t<dt class='gallery-icon landscape'>\n\t\t\t\t<img width=\"300\" height=\"225\" src=\"https:\/\/www.ifbaiano.edu.br\/unidades\/santaines\/files\/2019\/04\/IMG_20190402_090201.jpg\" class=\"attachment-medium size-medium\" alt=\"\" decoding=\"async\" loading=\"lazy\" \/>\n\t\t\t<\/dt><\/dl><dl class='gallery-item'>\n\t\t\t<dt class='gallery-icon landscape'>\n\t\t\t\t<img width=\"300\" height=\"225\" src=\"https:\/\/www.ifbaiano.edu.br\/unidades\/santaines\/files\/2019\/04\/IMG_20190402_085758.jpg\" class=\"attachment-medium size-medium\" alt=\"\" decoding=\"async\" loading=\"lazy\" \/>\n\t\t\t<\/dt><\/dl><dl class='gallery-item'>\n\t\t\t<dt class='gallery-icon landscape'>\n\t\t\t\t<img width=\"300\" height=\"225\" src=\"https:\/\/www.ifbaiano.edu.br\/unidades\/santaines\/files\/2019\/04\/IMG_20190402_085746.jpg\" class=\"attachment-medium size-medium\" alt=\"\" decoding=\"async\" loading=\"lazy\" \/>\n\t\t\t<\/dt><\/dl><br style=\"clear: both\" \/><dl class='gallery-item'>\n\t\t\t<dt class='gallery-icon landscape'>\n\t\t\t\t<img width=\"300\" height=\"225\" src=\"https:\/\/www.ifbaiano.edu.br\/unidades\/santaines\/files\/2019\/04\/IMG_20190402_085739.jpg\" class=\"attachment-medium size-medium\" alt=\"\" decoding=\"async\" loading=\"lazy\" \/>\n\t\t\t<\/dt><\/dl><dl class='gallery-item'>\n\t\t\t<dt class='gallery-icon landscape'>\n\t\t\t\t<img width=\"300\" height=\"225\" src=\"https:\/\/www.ifbaiano.edu.br\/unidades\/santaines\/files\/2019\/04\/IMG_20190402_094552.jpg\" class=\"attachment-medium size-medium\" alt=\"\" decoding=\"async\" loading=\"lazy\" \/>\n\t\t\t<\/dt><\/dl><dl class='gallery-item'>\n\t\t\t<dt class='gallery-icon landscape'>\n\t\t\t\t<img width=\"300\" height=\"225\" src=\"https:\/\/www.ifbaiano.edu.br\/unidades\/santaines\/files\/2019\/04\/IMG_20190402_085819.jpg\" class=\"attachment-medium size-medium\" alt=\"\" decoding=\"async\" loading=\"lazy\" \/>\n\t\t\t<\/dt><\/dl><br style=\"clear: both\" \/><dl class='gallery-item'>\n\t\t\t<dt class='gallery-icon landscape'>\n\t\t\t\t<img width=\"300\" height=\"225\" src=\"https:\/\/www.ifbaiano.edu.br\/unidades\/santaines\/files\/2019\/04\/IMG_20190402_092407.jpg\" class=\"attachment-medium size-medium\" alt=\"\" decoding=\"async\" loading=\"lazy\" \/>\n\t\t\t<\/dt><\/dl><dl class='gallery-item'>\n\t\t\t<dt class='gallery-icon landscape'>\n\t\t\t\t<img width=\"300\" height=\"225\" src=\"https:\/\/www.ifbaiano.edu.br\/unidades\/santaines\/files\/2019\/04\/IMG_20190402_090359.jpg\" class=\"attachment-medium size-medium\" alt=\"\" decoding=\"async\" loading=\"lazy\" \/>\n\t\t\t<\/dt><\/dl><dl class='gallery-item'>\n\t\t\t<dt class='gallery-icon landscape'>\n\t\t\t\t<img width=\"300\" height=\"225\" src=\"https:\/\/www.ifbaiano.edu.br\/unidades\/santaines\/files\/2019\/04\/IMG_20190402_091717.jpg\" class=\"attachment-medium size-medium\" alt=\"\" decoding=\"async\" loading=\"lazy\" \/>\n\t\t\t<\/dt><\/dl><br style=\"clear: both\" \/><dl class='gallery-item'>\n\t\t\t<dt class='gallery-icon landscape'>\n\t\t\t\t<img width=\"300\" height=\"225\" src=\"https:\/\/www.ifbaiano.edu.br\/unidades\/santaines\/files\/2019\/04\/IMG_20190402_090310.jpg\" class=\"attachment-medium size-medium\" alt=\"\" decoding=\"async\" loading=\"lazy\" \/>\n\t\t\t<\/dt><\/dl><dl class='gallery-item'>\n\t\t\t<dt class='gallery-icon landscape'>\n\t\t\t\t<img width=\"300\" height=\"225\" src=\"https:\/\/www.ifbaiano.edu.br\/unidades\/santaines\/files\/2019\/04\/IMG_20190402_090553.jpg\" class=\"attachment-medium size-medium\" alt=\"\" decoding=\"async\" loading=\"lazy\" \/>\n\t\t\t<\/dt><\/dl><dl class='gallery-item'>\n\t\t\t<dt class='gallery-icon landscape'>\n\t\t\t\t<img width=\"300\" height=\"225\" src=\"https:\/\/www.ifbaiano.edu.br\/unidades\/santaines\/files\/2019\/04\/IMG_20190402_091658.jpg\" class=\"attachment-medium size-medium\" alt=\"\" decoding=\"async\" loading=\"lazy\" \/>\n\t\t\t<\/dt><\/dl><br style=\"clear: both\" \/>\n\t\t<\/div>\n\n","protected":false},"excerpt":{"rendered":"<p>Aconteceu, no dia\u00a002 de abril\u00a0de 2019, na quadra poliesportiva do Campus Santa In\u00eas, a primeira reuni\u00e3o com os pais\/respons\u00e1veis dos estudantes ingressantes do ano letivo de 2019. O Diretor Geral, Professor Abon Nogueira, recepcionou, com contentamento, os novos estudantes no Campus e agradeceu a confian\u00e7a dos pais depositada na Institui\u00e7\u00e3o. Houve uma breve apresenta\u00e7\u00e3o da [&hellip;]<\/p>\n","protected":false},"author":86,"featured_media":0,"comment_status":"closed","ping_status":"closed","sticky":false,"template":"","format":"standard","meta":[],"categories":[4,1,57],"tags":[],"_links":{"self":[{"href":"https:\/\/www.ifbaiano.edu.br\/unidades\/santaines\/wp-json\/wp\/v2\/posts\/11683"}],"collection":[{"href":"https:\/\/www.ifbaiano.edu.br\/unidades\/santaines\/wp-json\/wp\/v2\/posts"}],"about":[{"href":"https:\/\/www.ifbaiano.edu.br\/unidades\/santaines\/wp-json\/wp\/v2\/types\/post"}],"author":[{"embeddable":true,"href":"https:\/\/www.ifbaiano.edu.br\/unidades\/santaines\/wp-json\/wp\/v2\/users\/86"}],"replies":[{"embeddable":true,"href":"https:\/\/www.ifbaiano.edu.br\/unidades\/santaines\/wp-json\/wp\/v2\/comments?post=11683"}],"version-history":[{"count":4,"href":"https:\/\/www.ifbaiano.edu.br\/unidades\/santaines\/wp-json\/wp\/v2\/posts\/11683\/revisions"}],"predecessor-version":[{"id":11724,"href":"https:\/\/www.ifbaiano.edu.br\/unidades\/santaines\/wp-json\/wp\/v2\/posts\/11683\/revisions\/11724"}],"wp:attachment":[{"href":"https:\/\/www.ifbaiano.edu.br\/unidades\/santaines\/wp-json\/wp\/v2\/media?parent=11683"}],"wp:term":[{"taxonomy":"category","embeddable":true,"href":"https:\/\/www.ifbaiano.edu.br\/unidades\/santaines\/wp-json\/wp\/v2\/categories?post=11683"},{"taxonomy":"post_tag","embeddable":true,"href":"https:\/\/www.ifbaiano.edu.br\/unidades\/santaines\/wp-json\/wp\/v2\/tags?post=11683"}],"curies":[{"name":"wp","href":"https:\/\/api.w.org\/{rel}","templated":true}]}}