{"id":11702,"date":"2019-04-03T16:29:06","date_gmt":"2019-04-03T19:29:06","guid":{"rendered":"http:\/\/www.ifbaiano.edu.br\/unidades\/santaines\/?p=11702"},"modified":"2019-04-03T16:29:06","modified_gmt":"2019-04-03T19:29:06","slug":"campus-santa-ines-publica-lista-de-estudantes-contemplados-com-a-residencia-estudantil","status":"publish","type":"post","link":"https:\/\/www.ifbaiano.edu.br\/unidades\/santaines\/campus-santa-ines-publica-lista-de-estudantes-contemplados-com-a-residencia-estudantil\/","title":{"rendered":"Campus Santa In\u00eas publica lista de estudantes contemplados com a Resid\u00eancia Estudantil"},"content":{"rendered":"<p style=\"text-align: justify\">A resid\u00eancia estudantil viabiliza a perman\u00eancia integral do estudante oriundo de munic\u00edpios distantes e\/ou que tenham dificuldades para o translado di\u00e1rio. Este benef\u00edcio atende a estudantes de ambos os sexos e, preferencialmente, aqueles adolescentes (entre 12 e 18 anos)\u00a0em situa\u00e7\u00e3o de vulnerabilidade social e\/ou baixa condi\u00e7\u00e3o econ\u00f4mica.<\/p>\n<p style=\"text-align: justify\">Aos residentes\u00a0s\u00e3o\u00a0asseguradas as tr\u00eas refei\u00e7\u00f5es di\u00e1rias (caf\u00e9-da-manh\u00e3, almo\u00e7o e jantar) enquanto permanecerem no\u00a0<em>Campus<\/em>.<\/p>\n<p style=\"text-align: justify\"><a href=\"http:\/\/www.ifbaiano.edu.br\/unidades\/santaines\/files\/2019\/04\/lista-de-selecionados-residencia-2019.pdf\"><strong>Clique AQUI e veja os estudantes contemplados para resid\u00eancia Estudantil (feminina e masculina)<\/strong><\/a><\/p>\n<p style=\"text-align: justify\"><a href=\"http:\/\/www.ifbaiano.edu.br\/unidades\/santaines\/residencia-estudantil\/\"><strong>Clique AQUI para saber mais\u00a0sobre a Resid\u00eancia Estudantil.<\/strong><\/a><\/p>\n<hr \/>\n<p>&nbsp;<\/p>\n","protected":false},"excerpt":{"rendered":"<p>A resid\u00eancia estudantil viabiliza a perman\u00eancia integral do estudante oriundo de munic\u00edpios distantes e\/ou que tenham dificuldades para o translado di\u00e1rio. Este benef\u00edcio atende a estudantes de ambos os sexos e, preferencialmente, aqueles adolescentes (entre 12 e 18 anos)\u00a0em situa\u00e7\u00e3o de vulnerabilidade social e\/ou baixa condi\u00e7\u00e3o econ\u00f4mica. Aos residentes\u00a0s\u00e3o\u00a0asseguradas as tr\u00eas refei\u00e7\u00f5es di\u00e1rias (caf\u00e9-da-manh\u00e3, almo\u00e7o [&hellip;]<\/p>\n","protected":false},"author":86,"featured_media":0,"comment_status":"closed","ping_status":"closed","sticky":false,"template":"","format":"standard","meta":[],"categories":[4,13,10,1,57],"tags":[],"_links":{"self":[{"href":"https:\/\/www.ifbaiano.edu.br\/unidades\/santaines\/wp-json\/wp\/v2\/posts\/11702"}],"collection":[{"href":"https:\/\/www.ifbaiano.edu.br\/unidades\/santaines\/wp-json\/wp\/v2\/posts"}],"about":[{"href":"https:\/\/www.ifbaiano.edu.br\/unidades\/santaines\/wp-json\/wp\/v2\/types\/post"}],"author":[{"embeddable":true,"href":"https:\/\/www.ifbaiano.edu.br\/unidades\/santaines\/wp-json\/wp\/v2\/users\/86"}],"replies":[{"embeddable":true,"href":"https:\/\/www.ifbaiano.edu.br\/unidades\/santaines\/wp-json\/wp\/v2\/comments?post=11702"}],"version-history":[{"count":4,"href":"https:\/\/www.ifbaiano.edu.br\/unidades\/santaines\/wp-json\/wp\/v2\/posts\/11702\/revisions"}],"predecessor-version":[{"id":11708,"href":"https:\/\/www.ifbaiano.edu.br\/unidades\/santaines\/wp-json\/wp\/v2\/posts\/11702\/revisions\/11708"}],"wp:attachment":[{"href":"https:\/\/www.ifbaiano.edu.br\/unidades\/santaines\/wp-json\/wp\/v2\/media?parent=11702"}],"wp:term":[{"taxonomy":"category","embeddable":true,"href":"https:\/\/www.ifbaiano.edu.br\/unidades\/santaines\/wp-json\/wp\/v2\/categories?post=11702"},{"taxonomy":"post_tag","embeddable":true,"href":"https:\/\/www.ifbaiano.edu.br\/unidades\/santaines\/wp-json\/wp\/v2\/tags?post=11702"}],"curies":[{"name":"wp","href":"https:\/\/api.w.org\/{rel}","templated":true}]}}