{"id":11726,"date":"2019-04-04T12:19:07","date_gmt":"2019-04-04T15:19:07","guid":{"rendered":"http:\/\/www.ifbaiano.edu.br\/unidades\/santaines\/?p=11726"},"modified":"2019-04-11T09:04:09","modified_gmt":"2019-04-11T12:04:09","slug":"11726-2","status":"publish","type":"post","link":"https:\/\/www.ifbaiano.edu.br\/unidades\/santaines\/11726-2\/","title":{"rendered":"Campus Santa In\u00eas realiza jornada pedag\u00f3gica 2019"},"content":{"rendered":"\n<p>O IF Baiano Campus Santa In\u00eas realiza sua jornada pedag\u00f3gica 2019 no per\u00edodo de 08 a 12 de abril de 2019, no audit\u00f3rio da Biblioteca do Campus. <\/p>\n\n\n\n<p>&#8220;A jornada  \u00e9 um per\u00edodo previamente programado nos Calend\u00e1rios Acad\u00eamicos dos <em>campi<\/em> para que a equipe da institui\u00e7\u00e3o (docentes e t\u00e9cnicos) possa debater o processo de ensino-aprendizagem&#8221;.<\/p>\n\n\n\n<p>O tema deste ano ser\u00e1 &#8220;A diversidade em n\u00f3s: educar para incluir&#8221;. Fazem parte da programa\u00e7\u00e3o, Palestras, apresenta\u00e7\u00f5es culturais, rodas de conversa entre outras atividades.<\/p>\n\n\n\n<p><strong><a href=\"http:\/\/www.ifbaiano.edu.br\/unidades\/santaines\/files\/2019\/04\/folder-jornada-pedagogica-sta-ines.pdf\">Clique AQUI e veja a programa\u00e7\u00e3o completa do Evento<\/a><\/strong><\/p>\n\n\n\n<figure class=\"wp-block-image\"><img decoding=\"async\" loading=\"lazy\" width=\"880\" height=\"880\" src=\"http:\/\/www.ifbaiano.edu.br\/unidades\/santaines\/files\/2019\/04\/jornada-card-santaines.png\" alt=\"\" class=\"wp-image-11728\" \/><\/figure>\n","protected":false},"excerpt":{"rendered":"<p>A jornada acontece no per\u00edodo de 08 a 12 de abril de 2019<\/p>\n","protected":false},"author":86,"featured_media":11812,"comment_status":"closed","ping_status":"closed","sticky":false,"template":"","format":"standard","meta":[],"categories":[4,19,13,5,1,57],"tags":[],"_links":{"self":[{"href":"https:\/\/www.ifbaiano.edu.br\/unidades\/santaines\/wp-json\/wp\/v2\/posts\/11726"}],"collection":[{"href":"https:\/\/www.ifbaiano.edu.br\/unidades\/santaines\/wp-json\/wp\/v2\/posts"}],"about":[{"href":"https:\/\/www.ifbaiano.edu.br\/unidades\/santaines\/wp-json\/wp\/v2\/types\/post"}],"author":[{"embeddable":true,"href":"https:\/\/www.ifbaiano.edu.br\/unidades\/santaines\/wp-json\/wp\/v2\/users\/86"}],"replies":[{"embeddable":true,"href":"https:\/\/www.ifbaiano.edu.br\/unidades\/santaines\/wp-json\/wp\/v2\/comments?post=11726"}],"version-history":[{"count":5,"href":"https:\/\/www.ifbaiano.edu.br\/unidades\/santaines\/wp-json\/wp\/v2\/posts\/11726\/revisions"}],"predecessor-version":[{"id":11813,"href":"https:\/\/www.ifbaiano.edu.br\/unidades\/santaines\/wp-json\/wp\/v2\/posts\/11726\/revisions\/11813"}],"wp:featuredmedia":[{"embeddable":true,"href":"https:\/\/www.ifbaiano.edu.br\/unidades\/santaines\/wp-json\/wp\/v2\/media\/11812"}],"wp:attachment":[{"href":"https:\/\/www.ifbaiano.edu.br\/unidades\/santaines\/wp-json\/wp\/v2\/media?parent=11726"}],"wp:term":[{"taxonomy":"category","embeddable":true,"href":"https:\/\/www.ifbaiano.edu.br\/unidades\/santaines\/wp-json\/wp\/v2\/categories?post=11726"},{"taxonomy":"post_tag","embeddable":true,"href":"https:\/\/www.ifbaiano.edu.br\/unidades\/santaines\/wp-json\/wp\/v2\/tags?post=11726"}],"curies":[{"name":"wp","href":"https:\/\/api.w.org\/{rel}","templated":true}]}}