{"id":11735,"date":"2019-04-04T12:38:58","date_gmt":"2019-04-04T15:38:58","guid":{"rendered":"http:\/\/www.ifbaiano.edu.br\/unidades\/santaines\/?p=11735"},"modified":"2024-08-08T18:20:24","modified_gmt":"2024-08-08T21:20:24","slug":"11735-2","status":"publish","type":"post","link":"https:\/\/www.ifbaiano.edu.br\/unidades\/santaines\/11735-2\/","title":{"rendered":"Acontece no Campus Santa In\u00eas a VI Mostra Parasitol\u00f3gica: Promovendo educa\u00e7\u00e3o e Sa\u00fade"},"content":{"rendered":"\n<p> No semestre letivo 2018.2 os alunos do curso de Licenciatura em Ci\u00eancias Biol\u00f3gicas, matriculados na disciplina Parasitologia, estar\u00e3o realizando a \u201dVI MOSTRA PARASITOL\u00d3GICA: Promovendo educa\u00e7\u00e3o e Sa\u00fade\u201d, sob a orienta\u00e7\u00e3o do Prof. FRED JULI\u00c3O. A atividade consiste na exposi\u00e7\u00e3o do conte\u00fado atrav\u00e9s de p\u00f4steres contendo informa\u00e7\u00f5es de diferentes parasitos apresentados para estudantes de escolas do Vale do Jiquiri\u00e7\u00e1. Na sequencia, os alunos s\u00e3o convidados a brincar com atividades que necessite a aplica\u00e7\u00e3o do que aprenderam.<\/p>\n\n\n\n<p>Nesta sexta vers\u00e3o ser\u00e3o abordados os seguintes temas: Ascarid\u00edase, esquistossomose, giard\u00edase, larvas migrans visceral e cut\u00e2nea, leishmanioses, piolho e doen\u00e7as de Chagas.<\/p>\n\n\n\n<p>H\u00e1 estimativa da exposi\u00e7\u00e3o dos trabalhos em 15 locais. Dentre estes, conta-se escolas de Ensino Fundamental I e II, Ensino M\u00e9dio, Gradua\u00e7\u00e3o, servidores da Secretaria Municipal de Sa\u00fade da cidade de Uba\u00edra e servidores da Secretaria Municipal de Sa\u00fade e da Educa\u00e7\u00e3o da cidade de Santa In\u00eas.<\/p>\n\n\n\n<p>A atividade ter\u00e1 in\u00edcio dia 08\/04\/2019 (segunda-feira), no pavilh\u00e3o dos cursos superiores do IF Baiano Campus Santa In\u00eas, das 19h30min \u00e0s 22h. Est\u00e3o TODOS convidados a participar. <\/p>\n\n\n\n<figure class=\"wp-block-image\"><img decoding=\"async\" loading=\"lazy\" width=\"781\" height=\"521\" src=\"http:\/\/www.ifbaiano.edu.br\/unidades\/santaines\/files\/2019\/04\/Convite-Fred.jpg\" alt=\"\" class=\"wp-image-11734\" \/><\/figure>\n\n\n\n<h2 class=\"wp-block-heading\">O evento aconteceu, conforme programado. Veja as fotos abaixo<\/h2>\n\n\n\n<figure class=\"wp-block-gallery has-nested-images columns-default is-cropped wp-block-gallery-1 is-layout-flex\">\n<figure class=\"wp-block-image\"><img decoding=\"async\" loading=\"lazy\" width=\"774\" height=\"1032\" data-id=\"11749\"  src=\"https:\/\/www.ifbaiano.edu.br\/unidades\/santaines\/files\/2019\/04\/4e3e8ef8-c5d4-43cb-b83d-a44d905dd129-1.jpg\" alt=\"\" class=\"wp-image-11749\" \/><\/figure>\n\n\n\n<figure class=\"wp-block-image\"><img decoding=\"async\" loading=\"lazy\" width=\"774\" height=\"1032\" data-id=\"11750\"  src=\"https:\/\/www.ifbaiano.edu.br\/unidades\/santaines\/files\/2019\/04\/5f076be6-bae5-4b58-bf3f-566c3d8f752f-1.jpg\" alt=\"\" class=\"wp-image-11750\" \/><\/figure>\n\n\n\n<figure class=\"wp-block-image\"><img decoding=\"async\" loading=\"lazy\" width=\"774\" height=\"1032\" data-id=\"11751\"  src=\"https:\/\/www.ifbaiano.edu.br\/unidades\/santaines\/files\/2019\/04\/6b7fc4a6-2a76-4400-9747-bf82998babd7-1.jpg\" alt=\"\" class=\"wp-image-11751\" \/><\/figure>\n\n\n\n<figure class=\"wp-block-image\"><img decoding=\"async\" loading=\"lazy\" width=\"1032\" height=\"774\" data-id=\"11752\"  src=\"https:\/\/www.ifbaiano.edu.br\/unidades\/santaines\/files\/2019\/04\/9deacab2-ce31-44b6-9fa8-94d49055fc1a-1.jpg\" alt=\"\" class=\"wp-image-11752\" \/><\/figure>\n\n\n\n<figure class=\"wp-block-image\"><img decoding=\"async\" loading=\"lazy\" width=\"774\" height=\"1032\" data-id=\"11753\"  src=\"https:\/\/www.ifbaiano.edu.br\/unidades\/santaines\/files\/2019\/04\/a83e796d-148e-481a-9969-1510fa434b18-1.jpg\" alt=\"\" class=\"wp-image-11753\" \/><\/figure>\n\n\n\n<figure class=\"wp-block-image\"><img decoding=\"async\" loading=\"lazy\" width=\"774\" height=\"1032\" data-id=\"11754\"  src=\"https:\/\/www.ifbaiano.edu.br\/unidades\/santaines\/files\/2019\/04\/a147125d-c718-4321-9793-81c702952db5-1.jpg\" alt=\"\" class=\"wp-image-11754\" \/><\/figure>\n\n\n\n<figure class=\"wp-block-image\"><img decoding=\"async\" loading=\"lazy\" width=\"1032\" height=\"774\" data-id=\"11755\"  src=\"https:\/\/www.ifbaiano.edu.br\/unidades\/santaines\/files\/2019\/04\/add5e56e-8e2c-40fa-8805-b5f61dc33755-2.jpg\" alt=\"\" class=\"wp-image-11755\" \/><\/figure>\n\n\n\n<figure class=\"wp-block-image\"><img decoding=\"async\" loading=\"lazy\" width=\"774\" height=\"1032\" data-id=\"11756\"  src=\"https:\/\/www.ifbaiano.edu.br\/unidades\/santaines\/files\/2019\/04\/d3a2e0b4-4f55-471d-b736-07ad57cea58d-1.jpg\" alt=\"\" class=\"wp-image-11756\" \/><\/figure>\n<\/figure>\n","protected":false},"excerpt":{"rendered":"<p>No semestre letivo 2018.2 os alunos do curso de Licenciatura em Ci\u00eancias Biol\u00f3gicas, matriculados na disciplina Parasitologia, estar\u00e3o realizando a \u201dVI MOSTRA PARASITOL\u00d3GICA: Promovendo educa\u00e7\u00e3o e Sa\u00fade\u201d, sob a orienta\u00e7\u00e3o do Prof. FRED JULI\u00c3O. A atividade consiste na exposi\u00e7\u00e3o do conte\u00fado atrav\u00e9s de p\u00f4steres contendo informa\u00e7\u00f5es de diferentes parasitos apresentados para estudantes de escolas do [&hellip;]<\/p>\n","protected":false},"author":86,"featured_media":0,"comment_status":"closed","ping_status":"closed","sticky":false,"template":"","format":"standard","meta":[],"categories":[4,19,12,10,1,57],"tags":[],"_links":{"self":[{"href":"https:\/\/www.ifbaiano.edu.br\/unidades\/santaines\/wp-json\/wp\/v2\/posts\/11735"}],"collection":[{"href":"https:\/\/www.ifbaiano.edu.br\/unidades\/santaines\/wp-json\/wp\/v2\/posts"}],"about":[{"href":"https:\/\/www.ifbaiano.edu.br\/unidades\/santaines\/wp-json\/wp\/v2\/types\/post"}],"author":[{"embeddable":true,"href":"https:\/\/www.ifbaiano.edu.br\/unidades\/santaines\/wp-json\/wp\/v2\/users\/86"}],"replies":[{"embeddable":true,"href":"https:\/\/www.ifbaiano.edu.br\/unidades\/santaines\/wp-json\/wp\/v2\/comments?post=11735"}],"version-history":[{"count":4,"href":"https:\/\/www.ifbaiano.edu.br\/unidades\/santaines\/wp-json\/wp\/v2\/posts\/11735\/revisions"}],"predecessor-version":[{"id":21830,"href":"https:\/\/www.ifbaiano.edu.br\/unidades\/santaines\/wp-json\/wp\/v2\/posts\/11735\/revisions\/21830"}],"wp:attachment":[{"href":"https:\/\/www.ifbaiano.edu.br\/unidades\/santaines\/wp-json\/wp\/v2\/media?parent=11735"}],"wp:term":[{"taxonomy":"category","embeddable":true,"href":"https:\/\/www.ifbaiano.edu.br\/unidades\/santaines\/wp-json\/wp\/v2\/categories?post=11735"},{"taxonomy":"post_tag","embeddable":true,"href":"https:\/\/www.ifbaiano.edu.br\/unidades\/santaines\/wp-json\/wp\/v2\/tags?post=11735"}],"curies":[{"name":"wp","href":"https:\/\/api.w.org\/{rel}","templated":true}]}}