{"id":11758,"date":"2019-04-09T11:37:45","date_gmt":"2019-04-09T14:37:45","guid":{"rendered":"http:\/\/www.ifbaiano.edu.br\/unidades\/santaines\/?p=11758"},"modified":"2019-04-09T11:37:45","modified_gmt":"2019-04-09T14:37:45","slug":"evento-no-campus-santa-ines-levanta-discussoes-sobre-agua-salobra","status":"publish","type":"post","link":"https:\/\/www.ifbaiano.edu.br\/unidades\/santaines\/evento-no-campus-santa-ines-levanta-discussoes-sobre-agua-salobra\/","title":{"rendered":"Evento no Campus Santa In\u00eas levanta discuss\u00f5es sobre \u00e1gua salobra"},"content":{"rendered":"\n<p>O\nGrupo de Estudos Socioambientais com \u00canfase em Recursos H\u00eddricos (GESARH), do\nIF Baiano <em>Campus<\/em> Santa In\u00eas, promoveu no Dia Mundial da \u00c1gua, 22 de\nmar\u00e7o, palestras e debates com o objetivo de trazer reflex\u00f5es mediante o\ntema&nbsp; \u201c\u00c1gua salobra tamb\u00e9m \u00e9 \u00e1gua\u201d.<\/p>\n\n\n\n<p>A mesa de abertura do evento contou com a presen\u00e7a do pr\u00f3-reitor de Extens\u00e3o do IF Baiano, Rafael Trocoli, do Diretor do <em>Campus<\/em> Santa In\u00eas, Abdon Nogueira, do Coordenador de Ensino, Vin\u00edcius Figueiredo, da Coordenadora Docente do GESARH, Th\u00e9cia Paes e da Coordenadora Discente do GESARH, Geisyane da Silva.<\/p>\n\n\n\n<p>O evento discutiu a tem\u00e1tica da \u00e1gua salobra de forma multidisciplinar durante programa\u00e7\u00e3o de palestras e debates, e que tamb\u00e9m incluiu momento cultural e a exposi\u00e7\u00e3o do estande \u201cMonitoramento Ambiental do Rio Jiquiri\u00e7\u00e1-BA\u201d, montado pelos estudantes do Curso de Forma\u00e7\u00e3o Inicial e Continuada (FIC) de &#8220;Monitoramento Ambiental com \u00canfase em Recursos H\u00eddricos&#8221;. Tamb\u00e9m houve sorteio de brindes aos participantes do encontro.<\/p>\n\n\n\n<p>A\nideia de trazer \u00e0 luz o tema da \u00e1gua salobra surgiu a partir de discuss\u00f5es do GESARH\nsobre as necessidades e condi\u00e7\u00f5es socioambientais da regi\u00e3o do Vale do\nJiquiri\u00e7\u00e1, onde o <em>campus<\/em> est\u00e1 inserido. Localizada no semi\u00e1rido baiano,\na regi\u00e3o possui diversos po\u00e7os perfurados, mas abandonados devido \u00e0 presen\u00e7a de\n\u00e1gua salobra.<\/p>\n\n\n\n<p>O evento contou com o apoio e participa\u00e7\u00e3o da\nSecretaria do Meio Ambiente do estado (Sema) que apresentou ao p\u00fablico as a\u00e7\u00f5es\ndo Programa \u00c1gua Doce, tecnologia social que j\u00e1 conta com quase 200 sistemas de\ndessaliniza\u00e7\u00e3o de \u00e1gua salobra instalados no semi\u00e1rido do estado. O objetivo do\n\u00f3rg\u00e3o ambiental \u00e9 abrir o programa a pesquisa e extens\u00e3o acad\u00eamicas que possam\ncontribuir com sugest\u00f5es de melhorias e inova\u00e7\u00e3o.<\/p>\n\n\n\n<p><strong>Sobre o GESARH:<\/strong> O Grupo de Estudos\nSocioambientais com \u00canfase Recursos H\u00eddricos do Vale Jiquiri\u00e7\u00e1-BA, \u00e9 composto\npor docentes, t\u00e9cnico-administrativos e discentes do IF Baiano C<em>ampus <\/em>Santa In\u00eas. Seu principal objetivo\n\u00e9 promover a difus\u00e3o do conhecimento cient\u00edfico na \u00e1rea socioambiental, por\nmeio de atividades acad\u00eamicas que abordam os padr\u00f5es de qualidade de \u00e1gua,\npreserva\u00e7\u00e3o e recupera\u00e7\u00e3o de bacia hidrogr\u00e1fica, monitoramento socioambiental,\nlegisla\u00e7\u00e3o aplicada \u00e0 bacia hidrogr\u00e1fica, educa\u00e7\u00e3o ambiental, gest\u00e3o\nparticipativa, dentre outros temas relacionados a recursos h\u00eddricos.<\/p>\n\n\n\n<ul class=\"wp-block-gallery columns-0 is-cropped wp-block-gallery-1 is-layout-flex\"><\/ul>\n\n\n\n<h2 class=\"wp-block-heading\">Veja alguns registros do evento<\/h2>\n\n\n\n<ul class=\"wp-block-gallery columns-3 is-cropped wp-block-gallery-3 is-layout-flex\"><li class=\"blocks-gallery-item\"><figure><img decoding=\"async\" loading=\"lazy\" width=\"960\" height=\"720\" src=\"http:\/\/www.ifbaiano.edu.br\/unidades\/santaines\/files\/2019\/04\/53008527_122487402238479_2515364742411845632_n.jpg\" alt=\"\" data-id=\"11759\" data-link=\"http:\/\/www.ifbaiano.edu.br\/unidades\/santaines\/?attachment_id=11759\" class=\"wp-image-11759\" \/><\/figure><\/li><li class=\"blocks-gallery-item\"><figure><img decoding=\"async\" loading=\"lazy\" width=\"960\" height=\"720\" src=\"http:\/\/www.ifbaiano.edu.br\/unidades\/santaines\/files\/2019\/04\/54516771_122488318905054_8652090813246865408_n.jpg\" alt=\"\" data-id=\"11760\" data-link=\"http:\/\/www.ifbaiano.edu.br\/unidades\/santaines\/?attachment_id=11760\" class=\"wp-image-11760\" \/><\/figure><\/li><li class=\"blocks-gallery-item\"><figure><img decoding=\"async\" loading=\"lazy\" width=\"960\" height=\"720\" src=\"http:\/\/www.ifbaiano.edu.br\/unidades\/santaines\/files\/2019\/04\/54519403_122487575571795_2688470710627598336_n.jpg\" alt=\"\" data-id=\"11761\" data-link=\"http:\/\/www.ifbaiano.edu.br\/unidades\/santaines\/?attachment_id=11761\" class=\"wp-image-11761\" \/><\/figure><\/li><li class=\"blocks-gallery-item\"><figure><img decoding=\"async\" loading=\"lazy\" width=\"960\" height=\"720\" src=\"http:\/\/www.ifbaiano.edu.br\/unidades\/santaines\/files\/2019\/04\/54524175_122487375571815_7189532501952430080_n.jpg\" alt=\"\" data-id=\"11762\" data-link=\"http:\/\/www.ifbaiano.edu.br\/unidades\/santaines\/?attachment_id=11762\" class=\"wp-image-11762\" \/><\/figure><\/li><li class=\"blocks-gallery-item\"><figure><img decoding=\"async\" loading=\"lazy\" width=\"960\" height=\"720\" src=\"http:\/\/www.ifbaiano.edu.br\/unidades\/santaines\/files\/2019\/04\/54525315_122488258905060_8490576914518376448_n.jpg\" alt=\"\" data-id=\"11763\" data-link=\"http:\/\/www.ifbaiano.edu.br\/unidades\/santaines\/?attachment_id=11763\" class=\"wp-image-11763\" \/><\/figure><\/li><li class=\"blocks-gallery-item\"><figure><img decoding=\"async\" loading=\"lazy\" width=\"960\" height=\"540\" src=\"http:\/\/www.ifbaiano.edu.br\/unidades\/santaines\/files\/2019\/04\/54798492_122488342238385_7030229695337594880_n.jpg\" alt=\"\" data-id=\"11764\" data-link=\"http:\/\/www.ifbaiano.edu.br\/unidades\/santaines\/?attachment_id=11764\" class=\"wp-image-11764\" \/><\/figure><\/li><li class=\"blocks-gallery-item\"><figure><img decoding=\"async\" loading=\"lazy\" width=\"960\" height=\"720\" src=\"http:\/\/www.ifbaiano.edu.br\/unidades\/santaines\/files\/2019\/04\/55491730_122488128905073_5003819066582892544_n.jpg\" alt=\"\" data-id=\"11765\" data-link=\"http:\/\/www.ifbaiano.edu.br\/unidades\/santaines\/?attachment_id=11765\" class=\"wp-image-11765\" \/><\/figure><\/li><li class=\"blocks-gallery-item\"><figure><img decoding=\"async\" loading=\"lazy\" width=\"960\" height=\"720\" src=\"http:\/\/www.ifbaiano.edu.br\/unidades\/santaines\/files\/2019\/04\/55514008_122488075571745_3542556959238520832_n.jpg\" alt=\"\" data-id=\"11766\" data-link=\"http:\/\/www.ifbaiano.edu.br\/unidades\/santaines\/?attachment_id=11766\" class=\"wp-image-11766\" \/><\/figure><\/li><li class=\"blocks-gallery-item\"><figure><img decoding=\"async\" loading=\"lazy\" width=\"720\" height=\"960\" src=\"http:\/\/www.ifbaiano.edu.br\/unidades\/santaines\/files\/2019\/04\/55517446_122488095571743_6251526260279738368_n.jpg\" alt=\"\" data-id=\"11767\" data-link=\"http:\/\/www.ifbaiano.edu.br\/unidades\/santaines\/?attachment_id=11767\" class=\"wp-image-11767\" \/><\/figure><\/li><li class=\"blocks-gallery-item\"><figure><img decoding=\"async\" loading=\"lazy\" width=\"960\" height=\"720\" src=\"http:\/\/www.ifbaiano.edu.br\/unidades\/santaines\/files\/2019\/04\/55576671_122488202238399_8484044509779329024_n.jpg\" alt=\"\" data-id=\"11768\" data-link=\"http:\/\/www.ifbaiano.edu.br\/unidades\/santaines\/?attachment_id=11768\" class=\"wp-image-11768\" \/><\/figure><\/li><li class=\"blocks-gallery-item\"><figure><img decoding=\"async\" loading=\"lazy\" width=\"960\" height=\"720\" src=\"http:\/\/www.ifbaiano.edu.br\/unidades\/santaines\/files\/2019\/04\/55666831_122487618905124_1729000412842819584_n.jpg\" alt=\"\" data-id=\"11769\" data-link=\"http:\/\/www.ifbaiano.edu.br\/unidades\/santaines\/?attachment_id=11769\" class=\"wp-image-11769\" \/><\/figure><\/li><li class=\"blocks-gallery-item\"><figure><img decoding=\"async\" loading=\"lazy\" width=\"960\" height=\"720\" src=\"http:\/\/www.ifbaiano.edu.br\/unidades\/santaines\/files\/2019\/04\/55692988_122488178905068_8827639698731040768_n.jpg\" alt=\"\" data-id=\"11770\" data-link=\"http:\/\/www.ifbaiano.edu.br\/unidades\/santaines\/?attachment_id=11770\" class=\"wp-image-11770\" \/><\/figure><\/li><li class=\"blocks-gallery-item\"><figure><img decoding=\"async\" loading=\"lazy\" width=\"960\" height=\"720\" src=\"http:\/\/www.ifbaiano.edu.br\/unidades\/santaines\/files\/2019\/04\/55790022_122487435571809_2360073607050166272_n.jpg\" alt=\"\" data-id=\"11771\" data-link=\"http:\/\/www.ifbaiano.edu.br\/unidades\/santaines\/?attachment_id=11771\" class=\"wp-image-11771\" \/><\/figure><\/li><\/ul>\n","protected":false},"excerpt":{"rendered":"<p>O Grupo de Estudos Socioambientais com \u00canfase em Recursos H\u00eddricos (GESARH), do IF Baiano Campus Santa In\u00eas, promoveu no Dia Mundial da \u00c1gua, 22 de mar\u00e7o, palestras e debates com o objetivo de trazer reflex\u00f5es mediante o tema&nbsp; \u201c\u00c1gua salobra tamb\u00e9m \u00e9 \u00e1gua\u201d. A mesa de abertura do evento contou com a presen\u00e7a do pr\u00f3-reitor [&hellip;]<\/p>\n","protected":false},"author":86,"featured_media":11574,"comment_status":"closed","ping_status":"closed","sticky":false,"template":"","format":"standard","meta":[],"categories":[4,23,10,57],"tags":[],"_links":{"self":[{"href":"https:\/\/www.ifbaiano.edu.br\/unidades\/santaines\/wp-json\/wp\/v2\/posts\/11758"}],"collection":[{"href":"https:\/\/www.ifbaiano.edu.br\/unidades\/santaines\/wp-json\/wp\/v2\/posts"}],"about":[{"href":"https:\/\/www.ifbaiano.edu.br\/unidades\/santaines\/wp-json\/wp\/v2\/types\/post"}],"author":[{"embeddable":true,"href":"https:\/\/www.ifbaiano.edu.br\/unidades\/santaines\/wp-json\/wp\/v2\/users\/86"}],"replies":[{"embeddable":true,"href":"https:\/\/www.ifbaiano.edu.br\/unidades\/santaines\/wp-json\/wp\/v2\/comments?post=11758"}],"version-history":[{"count":1,"href":"https:\/\/www.ifbaiano.edu.br\/unidades\/santaines\/wp-json\/wp\/v2\/posts\/11758\/revisions"}],"predecessor-version":[{"id":11772,"href":"https:\/\/www.ifbaiano.edu.br\/unidades\/santaines\/wp-json\/wp\/v2\/posts\/11758\/revisions\/11772"}],"wp:featuredmedia":[{"embeddable":true,"href":"https:\/\/www.ifbaiano.edu.br\/unidades\/santaines\/wp-json\/wp\/v2\/media\/11574"}],"wp:attachment":[{"href":"https:\/\/www.ifbaiano.edu.br\/unidades\/santaines\/wp-json\/wp\/v2\/media?parent=11758"}],"wp:term":[{"taxonomy":"category","embeddable":true,"href":"https:\/\/www.ifbaiano.edu.br\/unidades\/santaines\/wp-json\/wp\/v2\/categories?post=11758"},{"taxonomy":"post_tag","embeddable":true,"href":"https:\/\/www.ifbaiano.edu.br\/unidades\/santaines\/wp-json\/wp\/v2\/tags?post=11758"}],"curies":[{"name":"wp","href":"https:\/\/api.w.org\/{rel}","templated":true}]}}