{"id":1179,"date":"2012-02-14T10:36:29","date_gmt":"2012-02-14T13:36:29","guid":{"rendered":"http:\/\/www.ifbaiano.edu.br\/unidades\/santaines\/?p=1179"},"modified":"2012-02-27T16:08:40","modified_gmt":"2012-02-27T19:08:40","slug":"vagas-remanescentes-terceira-lista-de-espera-sisu","status":"publish","type":"post","link":"https:\/\/www.ifbaiano.edu.br\/unidades\/santaines\/vagas-remanescentes-terceira-lista-de-espera-sisu\/","title":{"rendered":"Vagas Remanescentes Terceira Lista de Espera SISU"},"content":{"rendered":"<p style=\"text-align: justify\">O Diretor Geral do Instituto Federal de Educa\u00e7\u00e3o, Ci\u00eancia e Tecnologia Baiano, IF Baiano &#8211; Campus Santa In\u00eas, em atendimento ao Processo Seletivo do Sistema SISU, convoca os candidatos selecionados na lista de espera EM ANEXO, para a realiza\u00e7\u00e3o das matr\u00edculas no per\u00edodo de 13\/02\/2012 a 15\/02\/2012, das 09h00min \u00e0s 11h30min e 12h00min \u00e0s 17h00min, em sua sede, na cidade de Santa In\u00eas. O objetivo da mesma \u00e9 o preenchimento das vagas remanescentes dos cursos de Biologia, Geografia e Zootecnia. O n\u00e3o comparecimento do candidato ser\u00e1 considerado a desist\u00eancia da vaga, com classifica\u00e7\u00e3o do candidato seguinte da lista de espera. Verifique sua classifica\u00e7\u00e3o no site: <a href=\"http:\/\/www.si.ifbaiano.edu.br\/\">www.si.ifbaiano.edu.br<\/a><\/p>\n<p style=\"text-align: justify\"><a href=\"http:\/\/www.ifbaiano.edu.br\/unidades\/santaines\/files\/2012\/02\/3-convocacao-da-lista-de-espera-bio1.pdf\" target=\"_blank\">3 CONVOCACAO DA LISTA DE ESPERA DE BIOLOGIA <\/a><\/p>\n<p style=\"text-align: justify\"><a href=\"http:\/\/www.ifbaiano.edu.br\/unidades\/santaines\/files\/2012\/02\/3-convocacao-da-lista-de-espera-geo.pdf\" target=\"_blank\">3 CONVOCACAO DA LISTA DE ESPERA DE GEOGRAFIA<\/a><\/p>\n<p style=\"text-align: justify\"><a href=\"http:\/\/www.ifbaiano.edu.br\/unidades\/santaines\/files\/2012\/02\/3-convocacao-da-lista-de-espera-zoo.pdf\" target=\"_blank\">3 CONVOCACAO DA LISTA DE ESPERA DE ZOOTECNIA<\/a><\/p>\n<p style=\"text-align: justify\">Endere\u00e7o: Instituto Federal de Educa\u00e7\u00e3o, Ci\u00eancia e Tecnologia Baiano &#8211;<br \/>\nCampus Santa In\u00eas<br \/>\nKm 2,5 &#8211; BA 420 &#8211; Rodovia Santa In\u00eas &#8211; Uba\u00edra CEP: 45.320-000<\/p>\n<p>Fone (73) 3536-1210 &#8211; FAX. (73) 3536-1499<br \/>\ne-mail: <a href=\"mailto:secra@si.ifbaiano.edu.br\">secra@si.ifbaiano.edu.br<\/a><\/p>\n<p>e-mail: <a href=\"mailto:secra_ifbaiano@hotmail.com\">secra_ifbaiano@hotmail.com<\/a><\/p>\n<p>QUANTIDADE DE VAGAS REMANESCENTES<\/p>\n<p>Biologia: 09<br \/>\nGeografia: 12<br \/>\nZootecnia: 15<\/p>\n<p>Total: 36 vagas<\/p>\n","protected":false},"excerpt":{"rendered":"<p>O Diretor Geral do Instituto Federal de Educa\u00e7\u00e3o, Ci\u00eancia e Tecnologia Baiano, IF Baiano &#8211; Campus Santa In\u00eas, em atendimento ao Processo Seletivo do Sistema SISU, convoca os candidatos selecionados na lista de espera EM ANEXO, para a realiza\u00e7\u00e3o das matr\u00edculas no per\u00edodo de 13\/02\/2012 a 15\/02\/2012, das 09h00min \u00e0s 11h30min e 12h00min \u00e0s 17h00min, [&hellip;]<\/p>\n","protected":false},"author":26,"featured_media":0,"comment_status":"closed","ping_status":"closed","sticky":false,"template":"","format":"standard","meta":[],"categories":[1],"tags":[],"_links":{"self":[{"href":"https:\/\/www.ifbaiano.edu.br\/unidades\/santaines\/wp-json\/wp\/v2\/posts\/1179"}],"collection":[{"href":"https:\/\/www.ifbaiano.edu.br\/unidades\/santaines\/wp-json\/wp\/v2\/posts"}],"about":[{"href":"https:\/\/www.ifbaiano.edu.br\/unidades\/santaines\/wp-json\/wp\/v2\/types\/post"}],"author":[{"embeddable":true,"href":"https:\/\/www.ifbaiano.edu.br\/unidades\/santaines\/wp-json\/wp\/v2\/users\/26"}],"replies":[{"embeddable":true,"href":"https:\/\/www.ifbaiano.edu.br\/unidades\/santaines\/wp-json\/wp\/v2\/comments?post=1179"}],"version-history":[{"count":8,"href":"https:\/\/www.ifbaiano.edu.br\/unidades\/santaines\/wp-json\/wp\/v2\/posts\/1179\/revisions"}],"predecessor-version":[{"id":1194,"href":"https:\/\/www.ifbaiano.edu.br\/unidades\/santaines\/wp-json\/wp\/v2\/posts\/1179\/revisions\/1194"}],"wp:attachment":[{"href":"https:\/\/www.ifbaiano.edu.br\/unidades\/santaines\/wp-json\/wp\/v2\/media?parent=1179"}],"wp:term":[{"taxonomy":"category","embeddable":true,"href":"https:\/\/www.ifbaiano.edu.br\/unidades\/santaines\/wp-json\/wp\/v2\/categories?post=1179"},{"taxonomy":"post_tag","embeddable":true,"href":"https:\/\/www.ifbaiano.edu.br\/unidades\/santaines\/wp-json\/wp\/v2\/tags?post=1179"}],"curies":[{"name":"wp","href":"https:\/\/api.w.org\/{rel}","templated":true}]}}