{"id":11816,"date":"2019-04-12T12:57:35","date_gmt":"2019-04-12T15:57:35","guid":{"rendered":"http:\/\/www.ifbaiano.edu.br\/unidades\/santaines\/?p=11816"},"modified":"2019-04-12T12:57:35","modified_gmt":"2019-04-12T15:57:35","slug":"inscricoes-para-o-pibic-vao-ate-o-dia-15-de-abril","status":"publish","type":"post","link":"https:\/\/www.ifbaiano.edu.br\/unidades\/santaines\/inscricoes-para-o-pibic-vao-ate-o-dia-15-de-abril\/","title":{"rendered":"Inscri\u00e7\u00f5es para o PIBIC v\u00e3o at\u00e9 o dia 15 de abril"},"content":{"rendered":"\n<p>O PIBIC IF Baiano\/FAPESB visa despertar a voca\u00e7\u00e3o cient\u00edfica e incentivar talentos potenciais entre estudantes de gradua\u00e7\u00e3o, mediante a participa\u00e7\u00e3o em projetos de pesquisa orientados por pesquisadores atuantes e qualificados com titula\u00e7\u00e3o m\u00ednima de Mestre e com v\u00ednculo empregat\u00edcio com carga hor\u00e1ria m\u00ednima de 40 (quarenta) horas ou dedica\u00e7\u00e3o exclusiva.<\/p>\n\n\n\n<p>Est\u00e3o abertas, at\u00e9 15 de abril de 2019, as inscri\u00e7\u00f5es para o&nbsp;Programa Institutcional de Bolsas de Inicia\u00e7\u00e3o Cient\u00edfica (Pibic\/Fapesb\/IF Baiano).&nbsp;Para cada proposta aprovada, ser\u00e1 concedida 01 bolsa de Inicia\u00e7\u00e3o Cient\u00edfica (IC) da FAPESB, pelo prazo m\u00e1ximo de 12 (doze) meses. S\u00e3o eleg\u00edveis os discentes regulares dos Cursos de Gradua\u00e7\u00e3o do IF Baiano. As bolsas ter\u00e3o in\u00edcio em 1\u00ba de agosto de 2019 e t\u00e9rmino em 31 de julho de 2020.<\/p>\n\n\n\n<p>Para&nbsp;submeter proposta, o candidato dever\u00e1&nbsp;&nbsp;o proponente dever\u00e1 enviar o projeto de pesquisa e demais documentos solicitados na&nbsp;<strong>Chamada Interna Propes n\u00b0 01\/2019<\/strong>, \u00e0 Coordena\u00e7\u00e3o Geral de Inicia\u00e7\u00e3o Cient\u00edfica, exclusivamente via internet, para o e-mail pibic@ifbaiano.edu.br.<\/p>\n\n\n\n<p><strong>Inscri\u00e7\u00f5es e atualiza\u00e7\u00f5es da presente chamada podem ser acessadas&nbsp;<a href=\"http:\/\/concurso.ifbaiano.edu.br\/portal\/programa-institucional-bolsas-iniciacao-cientifica-marco-2019\/\" target=\"_blank\" rel=\"noreferrer noopener\">nesta p\u00e1gina<\/a>.&nbsp;<\/strong><\/p>\n","protected":false},"excerpt":{"rendered":"<p>Inscri\u00e7\u00f5es at\u00e9 15 de abril. Podem participar estudantes de gradua\u00e7\u00e3o do IF Baiano.<\/p>\n","protected":false},"author":86,"featured_media":11817,"comment_status":"closed","ping_status":"closed","sticky":false,"template":"","format":"standard","meta":[],"categories":[4,10,1,57],"tags":[],"_links":{"self":[{"href":"https:\/\/www.ifbaiano.edu.br\/unidades\/santaines\/wp-json\/wp\/v2\/posts\/11816"}],"collection":[{"href":"https:\/\/www.ifbaiano.edu.br\/unidades\/santaines\/wp-json\/wp\/v2\/posts"}],"about":[{"href":"https:\/\/www.ifbaiano.edu.br\/unidades\/santaines\/wp-json\/wp\/v2\/types\/post"}],"author":[{"embeddable":true,"href":"https:\/\/www.ifbaiano.edu.br\/unidades\/santaines\/wp-json\/wp\/v2\/users\/86"}],"replies":[{"embeddable":true,"href":"https:\/\/www.ifbaiano.edu.br\/unidades\/santaines\/wp-json\/wp\/v2\/comments?post=11816"}],"version-history":[{"count":1,"href":"https:\/\/www.ifbaiano.edu.br\/unidades\/santaines\/wp-json\/wp\/v2\/posts\/11816\/revisions"}],"predecessor-version":[{"id":11818,"href":"https:\/\/www.ifbaiano.edu.br\/unidades\/santaines\/wp-json\/wp\/v2\/posts\/11816\/revisions\/11818"}],"wp:featuredmedia":[{"embeddable":true,"href":"https:\/\/www.ifbaiano.edu.br\/unidades\/santaines\/wp-json\/wp\/v2\/media\/11817"}],"wp:attachment":[{"href":"https:\/\/www.ifbaiano.edu.br\/unidades\/santaines\/wp-json\/wp\/v2\/media?parent=11816"}],"wp:term":[{"taxonomy":"category","embeddable":true,"href":"https:\/\/www.ifbaiano.edu.br\/unidades\/santaines\/wp-json\/wp\/v2\/categories?post=11816"},{"taxonomy":"post_tag","embeddable":true,"href":"https:\/\/www.ifbaiano.edu.br\/unidades\/santaines\/wp-json\/wp\/v2\/tags?post=11816"}],"curies":[{"name":"wp","href":"https:\/\/api.w.org\/{rel}","templated":true}]}}