{"id":11831,"date":"2019-04-15T12:39:08","date_gmt":"2019-04-15T15:39:08","guid":{"rendered":"http:\/\/www.ifbaiano.edu.br\/unidades\/santaines\/?p=11831"},"modified":"2019-04-16T17:23:48","modified_gmt":"2019-04-16T20:23:48","slug":"escolha-dos-membros-do-conselho-de-ensino-pesquisa-e-extensao-cepe","status":"publish","type":"post","link":"https:\/\/www.ifbaiano.edu.br\/unidades\/santaines\/escolha-dos-membros-do-conselho-de-ensino-pesquisa-e-extensao-cepe\/","title":{"rendered":"Escolha dos Membros do Conselho de Ensino, Pesquisa e Extens\u00e3o \u2013 CEPE."},"content":{"rendered":"<a href=\"http:\/\/www.ifbaiano.edu.br\/unidades\/santaines\/files\/2019\/04\/topo-news-cepe-2019-v02.jpg\"><img decoding=\"async\" loading=\"lazy\" class=\"alignleft size-full wp-image-11829\" src=\"http:\/\/www.ifbaiano.edu.br\/unidades\/santaines\/files\/2019\/04\/topo-news-cepe-2019-v02.jpg\" alt=\"\" width=\"601\" height=\"285\"><\/a>\n<!--StartFragment-->\n\nTer\u00e7a-feira, <strong>16 de abril<\/strong>, acontece o processo eleitoral para elei\u00e7\u00e3o dos membros do Conselho de Ensino, Pesquisa e Extens\u00e3o (CEPE) do IF Baiano para o bi\u00eanio 2019-2021. O CEPE \u00e9 o \u00d3rg\u00e3o Superior do IF Baiano que trata da organiza\u00e7\u00e3o e do funcionamento da \u00e1rea acad\u00eamica nos aspectos t\u00e9cnicos, did\u00e1ticos e cient\u00edficos, com fun\u00e7\u00f5es indissoci\u00e1veis nas \u00e1reas de ensino, de pesquisa e de extens\u00e3o. Dentre a composi\u00e7\u00e3o do CEPE, h\u00e1 representa\u00e7\u00e3o dos docentes, t\u00e9cnicos-administrativos, discentes e egressos, eleitos dentre seus pares em vota\u00e7\u00e3o direta em todas as unidades do Instituto.\n\n<!-- \/wp:paragraph --> <!-- wp:paragraph -->\n\nNo Campus Santa In\u00eas, esse processo eleitoral acontecer\u00e1 no Audit\u00f3rio da Biblioteca das 9h \u00e0s 17h e, no Pavilh\u00e3o dos Cursos Superiores , das 17h20min \u00e0s 20h .\n\n<!-- \/wp:paragraph --> <!-- wp:paragraph -->\n\nTodos devem levar documento de identifica\u00e7\u00e3o com foto.\n\n<!-- \/wp:paragraph --> <!-- wp:paragraph -->\n\nN\u00e3o deixe de participar do processo eleitoral no dia 16 e eleger os(as) representantes da sua categoria!\n\n<!-- \/wp:paragraph --> <!-- wp:paragraph -->\n\nAs informa\u00e7\u00f5es sobre o processo est\u00e3o dispon\u00edveis na p\u00e1gina <a href=\"http:\/\/concurso.ifbaiano.edu.br\/portal\/eleicao-cepe-2019\">Escolha dos Membros do Conselho de Ensino, Pesquisa e Extens\u00e3o \u2013 CEPE<\/a>.&nbsp;<!-- \/wp:paragraph -->\n\n<!-- wp:paragraph -->\n\n<!-- \/wp:paragraph -->\n\n<!--EndFragment-->","protected":false},"excerpt":{"rendered":"<p>O Conselho ser\u00e1 formado por 02 docentes, 02 t\u00e9cnico-administrativos, 02 discentes regularmente matriculados e 01 egresso.<\/p>\n","protected":false},"author":86,"featured_media":11607,"comment_status":"closed","ping_status":"closed","sticky":false,"template":"","format":"standard","meta":[],"categories":[4,38,5,10,1,57],"tags":[],"_links":{"self":[{"href":"https:\/\/www.ifbaiano.edu.br\/unidades\/santaines\/wp-json\/wp\/v2\/posts\/11831"}],"collection":[{"href":"https:\/\/www.ifbaiano.edu.br\/unidades\/santaines\/wp-json\/wp\/v2\/posts"}],"about":[{"href":"https:\/\/www.ifbaiano.edu.br\/unidades\/santaines\/wp-json\/wp\/v2\/types\/post"}],"author":[{"embeddable":true,"href":"https:\/\/www.ifbaiano.edu.br\/unidades\/santaines\/wp-json\/wp\/v2\/users\/86"}],"replies":[{"embeddable":true,"href":"https:\/\/www.ifbaiano.edu.br\/unidades\/santaines\/wp-json\/wp\/v2\/comments?post=11831"}],"version-history":[{"count":5,"href":"https:\/\/www.ifbaiano.edu.br\/unidades\/santaines\/wp-json\/wp\/v2\/posts\/11831\/revisions"}],"predecessor-version":[{"id":11839,"href":"https:\/\/www.ifbaiano.edu.br\/unidades\/santaines\/wp-json\/wp\/v2\/posts\/11831\/revisions\/11839"}],"wp:featuredmedia":[{"embeddable":true,"href":"https:\/\/www.ifbaiano.edu.br\/unidades\/santaines\/wp-json\/wp\/v2\/media\/11607"}],"wp:attachment":[{"href":"https:\/\/www.ifbaiano.edu.br\/unidades\/santaines\/wp-json\/wp\/v2\/media?parent=11831"}],"wp:term":[{"taxonomy":"category","embeddable":true,"href":"https:\/\/www.ifbaiano.edu.br\/unidades\/santaines\/wp-json\/wp\/v2\/categories?post=11831"},{"taxonomy":"post_tag","embeddable":true,"href":"https:\/\/www.ifbaiano.edu.br\/unidades\/santaines\/wp-json\/wp\/v2\/tags?post=11831"}],"curies":[{"name":"wp","href":"https:\/\/api.w.org\/{rel}","templated":true}]}}