{"id":11844,"date":"2019-04-17T08:21:49","date_gmt":"2019-04-17T11:21:49","guid":{"rendered":"http:\/\/www.ifbaiano.edu.br\/unidades\/santaines\/?p=11844"},"modified":"2019-04-22T15:08:11","modified_gmt":"2019-04-22T18:08:11","slug":"if-baiano-campus-santa-ines-oferta-proeja-na-pedagogia-da-alternancia","status":"publish","type":"post","link":"https:\/\/www.ifbaiano.edu.br\/unidades\/santaines\/if-baiano-campus-santa-ines-oferta-proeja-na-pedagogia-da-alternancia\/","title":{"rendered":"IF Baiano Campus Santa In\u00eas oferta PROEJA na  Pedagogia da Altern\u00e2ncia"},"content":{"rendered":"\n<figure class=\"wp-block-image\"><img decoding=\"async\" loading=\"lazy\" width=\"1032\" height=\"581\" src=\"http:\/\/www.ifbaiano.edu.br\/unidades\/santaines\/files\/2019\/04\/fe7b9e3a-f28e-4eb2-957d-f49307ef8ecb.jpg\" alt=\"\" class=\"wp-image-11863\" \/><\/figure>\n\n\n\n<p>O IF Baiano Campus Santa In\u00eas oferta mais uma vez o curso T\u00e9cnico em Agropecu\u00e1ria, na modalidade PROEJA na Pedagogia da Altern\u00e2ncia. A segunda turma iniciou as aulas no dia 01 de abril. A turma \u00e9 formada por estudantes oriundos dos munic\u00edpios\/comunidades de Santa In\u00eas (Assentamento Natur de Assis e Itatiaia\/Imb\u00e9), Jiquiri\u00e7\u00e1 ( Riacho de Areia), Laje ( Riach\u00e3o) e Santo Antonio de Jesus( Sapucaia, Sobradinho e Canta Galo).<\/p>\n\n\n\n<p>A proposta do Curso na Pedagogia da Altern\u00e2ncia objetiva possibilitar aos sujeitos do campo o acesso a educa\u00e7\u00e3o profissional de n\u00edvel t\u00e9cnico sem desvincul\u00e1-los do seu contexto, da sua cultura, de seus valores e concep\u00e7\u00f5es de ver e relacionar-se com o campo. Para isso a organiza\u00e7\u00e3o do Tempo Escolar \u00e9 dividido Tempo Escola e Tempo Comunidade.<\/p>\n\n\n\n<p>Os estudantes dessa nova turma trazem como expectativas ampliar os seus saberes e adquirir novos conhecimentos de modo a fortalecerem as suas comunidades. Para a estudante, Gis\u00e9lia, da comunidade Canta Galo, o seu objetivo \u00e9&#8221; adquirir mais conhecimentos para aplicar na pr\u00e1tica e melhorar a condi\u00e7\u00e3o de trabalho da minha propriedade e comunidade&#8221;; para Cleide, do Riach\u00e3o, o seu desejo \u00e9 &#8220;aprender coisas novas para mim, para comunidade e gerar renda&#8221;.<\/p>\n\n\n\n<p>De acordo a professora, Patr\u00edcia Neves, Coordenadora do Curso, o objetivo do curso \u00e9 que ao t\u00e9rmino deste, os estudantes possam transformar a sua realidade e de suas comunidades locais, atuando na melhoria da qualidade de vida das gera\u00e7\u00f5es.<\/p>\n\n\n\n<ul class=\"wp-block-gallery columns-2 is-cropped wp-block-gallery-1 is-layout-flex\"><li class=\"blocks-gallery-item\"><figure><img decoding=\"async\" loading=\"lazy\" width=\"1032\" height=\"581\" src=\"http:\/\/www.ifbaiano.edu.br\/unidades\/santaines\/files\/2019\/04\/df4f1d97-705b-4344-8a95-b459d916d0e8.jpg\" alt=\"\" data-id=\"11860\" data-link=\"http:\/\/www.ifbaiano.edu.br\/unidades\/santaines\/?attachment_id=11860\" class=\"wp-image-11860\" \/><\/figure><\/li><li class=\"blocks-gallery-item\"><figure><img decoding=\"async\" loading=\"lazy\" width=\"1032\" height=\"581\" src=\"http:\/\/www.ifbaiano.edu.br\/unidades\/santaines\/files\/2019\/04\/a73283fc-a466-4cea-bd89-e498a1aca461.jpg\" alt=\"\" data-id=\"11856\" data-link=\"http:\/\/www.ifbaiano.edu.br\/unidades\/santaines\/?attachment_id=11856\" class=\"wp-image-11856\" \/><\/figure><\/li><li class=\"blocks-gallery-item\"><figure><img decoding=\"async\" loading=\"lazy\" width=\"581\" height=\"1032\" src=\"http:\/\/www.ifbaiano.edu.br\/unidades\/santaines\/files\/2019\/04\/a529c839-3ca8-4992-ac1c-39c88c739b58.jpg\" alt=\"\" data-id=\"11855\" data-link=\"http:\/\/www.ifbaiano.edu.br\/unidades\/santaines\/?attachment_id=11855\" class=\"wp-image-11855\" \/><\/figure><\/li><li class=\"blocks-gallery-item\"><figure><img decoding=\"async\" loading=\"lazy\" width=\"1040\" height=\"585\" src=\"http:\/\/www.ifbaiano.edu.br\/unidades\/santaines\/files\/2019\/04\/29e93b5f-9037-4ab2-a545-82aafe570406.jpg\" alt=\"\" data-id=\"11851\" data-link=\"http:\/\/www.ifbaiano.edu.br\/unidades\/santaines\/?attachment_id=11851\" class=\"wp-image-11851\" \/><\/figure><\/li><li class=\"blocks-gallery-item\"><figure><img decoding=\"async\" loading=\"lazy\" width=\"1152\" height=\"864\" src=\"http:\/\/www.ifbaiano.edu.br\/unidades\/santaines\/files\/2019\/04\/b2ad17f7-6341-4f46-aef9-bf59de75936e.jpg\" alt=\"\" data-id=\"11857\" data-link=\"http:\/\/www.ifbaiano.edu.br\/unidades\/santaines\/?attachment_id=11857\" class=\"wp-image-11857\" \/><\/figure><\/li><li class=\"blocks-gallery-item\"><figure><img decoding=\"async\" loading=\"lazy\" width=\"1280\" height=\"960\" src=\"http:\/\/www.ifbaiano.edu.br\/unidades\/santaines\/files\/2019\/04\/a6f71df1-dcab-49d9-98fa-95d6b6c0acf5.jpg\" alt=\"\" data-id=\"11854\" data-link=\"http:\/\/www.ifbaiano.edu.br\/unidades\/santaines\/?attachment_id=11854\" class=\"wp-image-11854\" \/><\/figure><\/li><li class=\"blocks-gallery-item\"><figure><img decoding=\"async\" loading=\"lazy\" width=\"1280\" height=\"960\" src=\"http:\/\/www.ifbaiano.edu.br\/unidades\/santaines\/files\/2019\/04\/fb7f563d-8369-47e5-beba-d48e7edb487d.jpg\" alt=\"\" data-id=\"11862\" data-link=\"http:\/\/www.ifbaiano.edu.br\/unidades\/santaines\/?attachment_id=11862\" class=\"wp-image-11862\" \/><\/figure><\/li><li class=\"blocks-gallery-item\"><figure><img decoding=\"async\" loading=\"lazy\" width=\"1280\" height=\"960\" src=\"http:\/\/www.ifbaiano.edu.br\/unidades\/santaines\/files\/2019\/04\/45d83cf3-7147-43f9-95e5-e411f1366f71.jpg\" alt=\"\" data-id=\"11852\" data-link=\"http:\/\/www.ifbaiano.edu.br\/unidades\/santaines\/?attachment_id=11852\" class=\"wp-image-11852\" \/><\/figure><\/li><li class=\"blocks-gallery-item\"><figure><img decoding=\"async\" loading=\"lazy\" width=\"1280\" height=\"960\" src=\"http:\/\/www.ifbaiano.edu.br\/unidades\/santaines\/files\/2019\/04\/8244ef27-8d16-4fdf-89fb-e1eb6a87bacf.jpg\" alt=\"\" data-id=\"11853\" data-link=\"http:\/\/www.ifbaiano.edu.br\/unidades\/santaines\/?attachment_id=11853\" class=\"wp-image-11853\" \/><\/figure><\/li><li class=\"blocks-gallery-item\"><figure><img decoding=\"async\" loading=\"lazy\" width=\"1280\" height=\"960\" src=\"http:\/\/www.ifbaiano.edu.br\/unidades\/santaines\/files\/2019\/04\/f32ea810-9722-47f1-be1d-35424bf59dc9.jpg\" alt=\"\" data-id=\"11861\" data-link=\"http:\/\/www.ifbaiano.edu.br\/unidades\/santaines\/?attachment_id=11861\" class=\"wp-image-11861\" \/><\/figure><\/li><li class=\"blocks-gallery-item\"><figure><img decoding=\"async\" loading=\"lazy\" width=\"1280\" height=\"960\" src=\"http:\/\/www.ifbaiano.edu.br\/unidades\/santaines\/files\/2019\/04\/1c9a0f61-435c-4464-a12a-ea6a69631c9f.jpg\" alt=\"\" data-id=\"11845\" data-link=\"http:\/\/www.ifbaiano.edu.br\/unidades\/santaines\/?attachment_id=11845\" class=\"wp-image-11845\" \/><\/figure><\/li><li class=\"blocks-gallery-item\"><figure><img decoding=\"async\" loading=\"lazy\" width=\"1280\" height=\"960\" src=\"http:\/\/www.ifbaiano.edu.br\/unidades\/santaines\/files\/2019\/04\/1d0e3301-1d16-427a-8c9c-278a0616c833.jpg\" alt=\"\" data-id=\"11846\" data-link=\"http:\/\/www.ifbaiano.edu.br\/unidades\/santaines\/?attachment_id=11846\" class=\"wp-image-11846\" \/><\/figure><\/li><li class=\"blocks-gallery-item\"><figure><img decoding=\"async\" loading=\"lazy\" width=\"1280\" height=\"960\" src=\"http:\/\/www.ifbaiano.edu.br\/unidades\/santaines\/files\/2019\/04\/3c067f8f-c3e3-4c79-90b5-32c76f6454e0.jpg\" alt=\"\" data-id=\"11847\" data-link=\"http:\/\/www.ifbaiano.edu.br\/unidades\/santaines\/?attachment_id=11847\" class=\"wp-image-11847\" \/><\/figure><\/li><li class=\"blocks-gallery-item\"><figure><img decoding=\"async\" loading=\"lazy\" width=\"1280\" height=\"960\" src=\"http:\/\/www.ifbaiano.edu.br\/unidades\/santaines\/files\/2019\/04\/5e1af7e9-1a40-4c4f-825c-f5fd313388c5.jpg\" alt=\"\" data-id=\"11848\" data-link=\"http:\/\/www.ifbaiano.edu.br\/unidades\/santaines\/?attachment_id=11848\" class=\"wp-image-11848\" \/><\/figure><\/li><li class=\"blocks-gallery-item\"><figure><img decoding=\"async\" loading=\"lazy\" width=\"960\" height=\"1280\" src=\"http:\/\/www.ifbaiano.edu.br\/unidades\/santaines\/files\/2019\/04\/6c0f950e-02de-4c22-be7d-593038a2573f.jpg\" alt=\"\" data-id=\"11849\" data-link=\"http:\/\/www.ifbaiano.edu.br\/unidades\/santaines\/?attachment_id=11849\" class=\"wp-image-11849\" \/><\/figure><\/li><li class=\"blocks-gallery-item\"><figure><img decoding=\"async\" loading=\"lazy\" width=\"960\" height=\"1280\" src=\"http:\/\/www.ifbaiano.edu.br\/unidades\/santaines\/files\/2019\/04\/7e957eb7-3f7b-48ef-9945-825568567c9b.jpg\" alt=\"\" data-id=\"11850\" data-link=\"http:\/\/www.ifbaiano.edu.br\/unidades\/santaines\/?attachment_id=11850\" class=\"wp-image-11850\" \/><\/figure><\/li><li class=\"blocks-gallery-item\"><figure><img decoding=\"async\" loading=\"lazy\" width=\"1280\" height=\"960\" src=\"http:\/\/www.ifbaiano.edu.br\/unidades\/santaines\/files\/2019\/04\/dd4089f1-1888-4542-87a1-cfeb72f43cfa.jpg\" alt=\"\" data-id=\"11859\" data-link=\"http:\/\/www.ifbaiano.edu.br\/unidades\/santaines\/?attachment_id=11859\" class=\"wp-image-11859\" \/><\/figure><\/li><\/ul>\n\n\n\n<p><\/p>\n","protected":false},"excerpt":{"rendered":"<p>Segunda turma iniciou as aulas no dia 01 de abril<\/p>\n","protected":false},"author":86,"featured_media":11851,"comment_status":"closed","ping_status":"closed","sticky":false,"template":"","format":"standard","meta":[],"categories":[4,10,1,57],"tags":[],"_links":{"self":[{"href":"https:\/\/www.ifbaiano.edu.br\/unidades\/santaines\/wp-json\/wp\/v2\/posts\/11844"}],"collection":[{"href":"https:\/\/www.ifbaiano.edu.br\/unidades\/santaines\/wp-json\/wp\/v2\/posts"}],"about":[{"href":"https:\/\/www.ifbaiano.edu.br\/unidades\/santaines\/wp-json\/wp\/v2\/types\/post"}],"author":[{"embeddable":true,"href":"https:\/\/www.ifbaiano.edu.br\/unidades\/santaines\/wp-json\/wp\/v2\/users\/86"}],"replies":[{"embeddable":true,"href":"https:\/\/www.ifbaiano.edu.br\/unidades\/santaines\/wp-json\/wp\/v2\/comments?post=11844"}],"version-history":[{"count":5,"href":"https:\/\/www.ifbaiano.edu.br\/unidades\/santaines\/wp-json\/wp\/v2\/posts\/11844\/revisions"}],"predecessor-version":[{"id":11885,"href":"https:\/\/www.ifbaiano.edu.br\/unidades\/santaines\/wp-json\/wp\/v2\/posts\/11844\/revisions\/11885"}],"wp:featuredmedia":[{"embeddable":true,"href":"https:\/\/www.ifbaiano.edu.br\/unidades\/santaines\/wp-json\/wp\/v2\/media\/11851"}],"wp:attachment":[{"href":"https:\/\/www.ifbaiano.edu.br\/unidades\/santaines\/wp-json\/wp\/v2\/media?parent=11844"}],"wp:term":[{"taxonomy":"category","embeddable":true,"href":"https:\/\/www.ifbaiano.edu.br\/unidades\/santaines\/wp-json\/wp\/v2\/categories?post=11844"},{"taxonomy":"post_tag","embeddable":true,"href":"https:\/\/www.ifbaiano.edu.br\/unidades\/santaines\/wp-json\/wp\/v2\/tags?post=11844"}],"curies":[{"name":"wp","href":"https:\/\/api.w.org\/{rel}","templated":true}]}}