{"id":1186,"date":"2012-02-14T10:40:28","date_gmt":"2012-02-14T13:40:28","guid":{"rendered":"http:\/\/www.ifbaiano.edu.br\/unidades\/santaines\/?p=1186"},"modified":"2012-02-16T15:37:03","modified_gmt":"2012-02-16T18:37:03","slug":"matriculas-para-os-candidatos-aprovados-no-processo-seletivo-de-cursos-tecnicos-subsequentes-na-modalidade-ead-2","status":"publish","type":"post","link":"https:\/\/www.ifbaiano.edu.br\/unidades\/santaines\/matriculas-para-os-candidatos-aprovados-no-processo-seletivo-de-cursos-tecnicos-subsequentes-na-modalidade-ead-2\/","title":{"rendered":"Matr\u00edculas para os candidatos aprovados no Processo Seletivo de Cursos T\u00e9cnicos Subseq\u00fcentes na modalidade EaD"},"content":{"rendered":"<p style=\"text-align: justify\">O Instituto Federal Baiano informa que nos dias 23 e 24 de fevereiro de 2012 (das 8h \u00e0s 11h e das 14h \u00e0s 17h), estar\u00e3o abertas Matr\u00edculas para os candidatos aprovados no Processo Seletivo de Cursos T\u00e9cnicos Subsequentes na modalidade a<br \/>\nDist\u00e2ncia. O candidato aprovado s\u00f3 poder\u00e1 realizar matr\u00edcula no curso, turno e per\u00edodo para o qual foi aprovado, munido dos documentos originais e entregar no ato da matr\u00edcula.<\/p>\n<p>&nbsp;<\/p>\n<p>Informa\u00e7\u00f5es sobre a matr\u00edcula (lembrando que a nova data da matr\u00edcula passou a ser nos dias<strong> 23 e 24 de fevereiro<\/strong>): <a href=\"http:\/\/www.ifbaiano.edu.br\/unidades\/santaines\/files\/2012\/02\/CHAMADA-MATRICULA.pdf\">CHAMADA MATR\u00cdCULA<\/a><\/p>\n<p>Voc\u00ea pode acompanhar novidades sobre este concurso no endere\u00e7o: <a href=\"http:\/\/www.ifbaiano.edu.br\/concursos\/portal\/ead2012\/\">http:\/\/www.ifbaiano.edu.br\/concursos\/portal\/ead2012\/<\/a><\/p>\n","protected":false},"excerpt":{"rendered":"<p>O Instituto Federal Baiano informa que nos dias 23 e 24 de fevereiro de 2012 (das 8h \u00e0s 11h e das 14h \u00e0s 17h), estar\u00e3o abertas Matr\u00edculas para os candidatos aprovados no Processo Seletivo de Cursos T\u00e9cnicos Subsequentes na modalidade a Dist\u00e2ncia. O candidato aprovado s\u00f3 poder\u00e1 realizar matr\u00edcula no curso, turno e per\u00edodo para [&hellip;]<\/p>\n","protected":false},"author":26,"featured_media":0,"comment_status":"closed","ping_status":"closed","sticky":false,"template":"","format":"standard","meta":[],"categories":[8],"tags":[],"_links":{"self":[{"href":"https:\/\/www.ifbaiano.edu.br\/unidades\/santaines\/wp-json\/wp\/v2\/posts\/1186"}],"collection":[{"href":"https:\/\/www.ifbaiano.edu.br\/unidades\/santaines\/wp-json\/wp\/v2\/posts"}],"about":[{"href":"https:\/\/www.ifbaiano.edu.br\/unidades\/santaines\/wp-json\/wp\/v2\/types\/post"}],"author":[{"embeddable":true,"href":"https:\/\/www.ifbaiano.edu.br\/unidades\/santaines\/wp-json\/wp\/v2\/users\/26"}],"replies":[{"embeddable":true,"href":"https:\/\/www.ifbaiano.edu.br\/unidades\/santaines\/wp-json\/wp\/v2\/comments?post=1186"}],"version-history":[{"count":4,"href":"https:\/\/www.ifbaiano.edu.br\/unidades\/santaines\/wp-json\/wp\/v2\/posts\/1186\/revisions"}],"predecessor-version":[{"id":1212,"href":"https:\/\/www.ifbaiano.edu.br\/unidades\/santaines\/wp-json\/wp\/v2\/posts\/1186\/revisions\/1212"}],"wp:attachment":[{"href":"https:\/\/www.ifbaiano.edu.br\/unidades\/santaines\/wp-json\/wp\/v2\/media?parent=1186"}],"wp:term":[{"taxonomy":"category","embeddable":true,"href":"https:\/\/www.ifbaiano.edu.br\/unidades\/santaines\/wp-json\/wp\/v2\/categories?post=1186"},{"taxonomy":"post_tag","embeddable":true,"href":"https:\/\/www.ifbaiano.edu.br\/unidades\/santaines\/wp-json\/wp\/v2\/tags?post=1186"}],"curies":[{"name":"wp","href":"https:\/\/api.w.org\/{rel}","templated":true}]}}